{"id":306968,"date":"2023-08-24T06:52:37","date_gmt":"2023-08-24T03:52:37","guid":{"rendered":"http:\/\/sana.sy\/es\/?p=306968"},"modified":"2023-08-24T08:33:53","modified_gmt":"2023-08-24T05:33:53","slug":"ejercito-de-siria-y-rusia-destruyen-sedes-terroristas-y-derriban-cinco-drones","status":"publish","type":"post","link":"https:\/\/archive.sana.sy\/es\/?p=306968","title":{"rendered":"Ej\u00e9rcitos de Siria y Rusia destruyen sedes terroristas y derriban cinco drones"},"content":{"rendered":"<p style=\"text-align: justify;\"><span style=\"color: #800000;\"><strong>Damasco, 24 ago (SANA )<\/strong> <\/span>Unidades del Ej\u00e9rcito \u00c1rabe Sirio, en cooperaci\u00f3n con la Fuerza A\u00e9rea Rusa, llevaron a cabo varios ataques a\u00e9reos y de artiller\u00eda contra cuarteles terroristas, en las zonas rurales de las provincias de Alepo, Latakia y Hama, en el norte y noroeste de Siria.<\/p>\n<p style=\"text-align: justify;\"><img loading=\"lazy\" decoding=\"async\" class=\"size-medium wp-image-306969 alignleft\" src=\"http:\/\/sana.sy\/es\/wp-content\/uploads\/2023\/08\/454-300x164.jpg\" alt=\"Ej\u00e9rcito de Siria y Rusia destruyen sedes terroristas y derriban cinco drones\" width=\"300\" height=\"164\" srcset=\"https:\/\/archive.sana.sy\/es\/wp-content\/uploads\/2023\/08\/454-300x164.jpg 300w, https:\/\/archive.sana.sy\/es\/wp-content\/uploads\/2023\/08\/454-150x82.jpg 150w, https:\/\/archive.sana.sy\/es\/wp-content\/uploads\/2023\/08\/454.jpg 630w\" sizes=\"(max-width: 300px) 100vw, 300px\" \/>El Ministerio de Defensa inform\u00f3 que estas acciones ofensivas fueron en respuesta a los repetidos ataques lanzados por las organizaciones terroristas contra comunidades civiles en las tres gobernaciones antes mencionadas.<\/p>\n<p style=\"text-align: justify;\">Tras un proceso de vigilancia y seguimiento, nuestras fuerzas bombardearon cuarteles terroristas, lanzacohetes, drones y dep\u00f3sitos de municiones, lo que caus\u00f3 la muerte de varios radicales, la mayor\u00eda de ellos son cabecillas, detall\u00f3 el ente castrense.<\/p>\n<p style=\"text-align: justify;\">El Ministerio agreg\u00f3 que cinco drones de las agrupaciones terroristas que intentaron atacar a comunidades civiles, fueron derribados.<\/p>\n<p><iframe loading=\"lazy\" title=\"Siria y Rusia destruyen sedes terroristas y derriban cinco drones\" src=\"https:\/\/www.youtube.com\/embed\/HnnpnlAMjc8\" width=\"853\" height=\"480\" frameborder=\"0\" allowfullscreen=\"allowfullscreen\"><\/iframe><\/p>\n<p>fm<\/p>\n","protected":false},"excerpt":{"rendered":"<p>Damasco, 24 ago (SANA ) Unidades del Ej\u00e9rcito \u00c1rabe Sirio, en cooperaci\u00f3n con la Fuerza A\u00e9rea Rusa, llevaron a cabo varios ataques a\u00e9reos y de artiller\u00eda contra cuarteles terroristas, en las zonas rurales de las provincias de Alepo, Latakia y Hama, en el norte y noroeste de Siria. El Ministerio de Defensa inform\u00f3 que estas &hellip;<\/p>\n","protected":false},"author":34,"featured_media":306971,"comment_status":"closed","ping_status":"closed","sticky":false,"template":"","format":"standard","meta":{"footnotes":""},"categories":[477,447,597,573,20724,476,467,583],"tags":[],"class_list":["post-306968","post","type-post","status-publish","format-standard","has-post-thumbnail","","category-noticias-edulcorantes","category-local-politica","category-cinta-de-noticias","category-la-realidad-de-los-acontecimientos-en-siria","category-minuto-a-minuto","category-locales","category-siria-y-el-mundo","category-slide"],"_links":{"self":[{"href":"https:\/\/archive.sana.sy\/es\/index.php?rest_route=\/wp\/v2\/posts\/306968"}],"collection":[{"href":"https:\/\/archive.sana.sy\/es\/index.php?rest_route=\/wp\/v2\/posts"}],"about":[{"href":"https:\/\/archive.sana.sy\/es\/index.php?rest_route=\/wp\/v2\/types\/post"}],"author":[{"embeddable":true,"href":"https:\/\/archive.sana.sy\/es\/index.php?rest_route=\/wp\/v2\/users\/34"}],"replies":[{"embeddable":true,"href":"https:\/\/archive.sana.sy\/es\/index.php?rest_route=%2Fwp%2Fv2%2Fcomments&post=306968"}],"version-history":[{"count":5,"href":"https:\/\/archive.sana.sy\/es\/index.php?rest_route=\/wp\/v2\/posts\/306968\/revisions"}],"predecessor-version":[{"id":306992,"href":"https:\/\/archive.sana.sy\/es\/index.php?rest_route=\/wp\/v2\/posts\/306968\/revisions\/306992"}],"wp:featuredmedia":[{"embeddable":true,"href":"https:\/\/archive.sana.sy\/es\/index.php?rest_route=\/wp\/v2\/media\/306971"}],"wp:attachment":[{"href":"https:\/\/archive.sana.sy\/es\/index.php?rest_route=%2Fwp%2Fv2%2Fmedia&parent=306968"}],"wp:term":[{"taxonomy":"category","embeddable":true,"href":"https:\/\/archive.sana.sy\/es\/index.php?rest_route=%2Fwp%2Fv2%2Fcategories&post=306968"},{"taxonomy":"post_tag","embeddable":true,"href":"https:\/\/archive.sana.sy\/es\/index.php?rest_route=%2Fwp%2Fv2%2Ftags&post=306968"}],"curies":[{"name":"wp","href":"https:\/\/api.w.org\/{rel}","templated":true}]}}