{"id":306997,"date":"2023-08-24T10:17:18","date_gmt":"2023-08-24T07:17:18","guid":{"rendered":"https:\/\/sana.sy\/es\/?p=306997"},"modified":"2023-08-24T10:19:10","modified_gmt":"2023-08-24T07:19:10","slug":"iran-ratifica-apoyo-a-demandas-de-siria-sobre-retirada-de-fuerzas-extranjeras-ilegales-de-su-territorio","status":"publish","type":"post","link":"https:\/\/archive.sana.sy\/es\/?p=306997","title":{"rendered":"Ir\u00e1n ratifica apoyo a demandas de Siria sobre retirada de fuerzas extranjeras ilegales de su territorio"},"content":{"rendered":"<blockquote>\n<p style=\"text-align: justify;\"><span style=\"color: #800000;\">La agencia de noticias iran\u00ed IRNA cit\u00f3 a Irani diciendo durante la reuni\u00f3n del Consejo de Seguridad de la ONU celebrada para debatir los acontecimientos en Siria, que \u201cel terrorismo todav\u00eda constituye una amenaza para Siria y la regi\u00f3n, y est\u00e1 desplegado en \u00e1reas fuera del control del gobierno sirio\u201d.<\/span><\/p>\n<\/blockquote>\n<p style=\"text-align: justify;\"><span style=\"color: #800000;\"><strong>Nueva York, 24 ago (SANA)<\/strong><\/span> El representante permanente de Ir\u00e1n ante las Naciones Unidas en Nueva York, Amir Saeed Irani, reafirm\u00f3 el apoyo de su pa\u00eds a las justas exigencias del gobierno sirio respecto de la retirada de todas las fuerzas militares extranjeras ilegales de su territorio.<\/p>\n<p style=\"text-align: justify;\">La agencia de noticias iran\u00ed IRNA cit\u00f3 a Irani diciendo durante la reuni\u00f3n del Consejo de Seguridad de la ONU celebrada para debatir los acontecimientos en Siria, que \u201cel terrorismo todav\u00eda constituye una amenaza para Siria y la regi\u00f3n, y est\u00e1 desplegado en \u00e1reas fuera del control del gobierno sirio\u201d.<\/p>\n<p style=\"text-align: justify;\">Irani se\u00f1al\u00f3 que la soberan\u00eda e integridad territorial de Siria est\u00e1n amenazadas debido a la ocupaci\u00f3n de algunas zonas por fuerzas extranjeras ilegales, la agresi\u00f3n sionista y los cr\u00edmenes de organizaciones terroristas.<\/p>\n<p style=\"text-align: justify;\">Salud\u00f3 los esfuerzos del enviado especial del Secretario General de la ONU para Siria, Geir Pedersen, y sus contactos con todas las partes, y reafirm\u00f3 la posici\u00f3n de su pa\u00eds en apoyo de la presencia activa y creciente de Siria en la regi\u00f3n.<\/p>\n<p style=\"text-align: justify;\">Irani destac\u00f3 que su pa\u00eds est\u00e1 decidido a continuar la cooperaci\u00f3n con sus socios y realizar esfuerzos destinados a consolidar relaciones normales y sostenibles que sirvan a la estabilidad en Siria.<\/p>\n<p style=\"text-align: justify;\"><strong>fm\/ws<\/strong><\/p>\n","protected":false},"excerpt":{"rendered":"<p>La agencia de noticias iran\u00ed IRNA cit\u00f3 a Irani diciendo durante la reuni\u00f3n del Consejo de Seguridad de la ONU celebrada para debatir los acontecimientos en Siria, que \u201cel terrorismo todav\u00eda constituye una amenaza para Siria y la regi\u00f3n, y est\u00e1 desplegado en \u00e1reas fuera del control del gobierno sirio\u201d. Nueva York, 24 ago (SANA) &hellip;<\/p>\n","protected":false},"author":35,"featured_media":306998,"comment_status":"closed","ping_status":"closed","sticky":false,"template":"","format":"standard","meta":{"footnotes":""},"categories":[597,20724,467,7541],"tags":[],"class_list":["post-306997","post","type-post","status-publish","format-standard","has-post-thumbnail","","category-cinta-de-noticias","category-minuto-a-minuto","category-siria-y-el-mundo","category-ultimas-noticias"],"_links":{"self":[{"href":"https:\/\/archive.sana.sy\/es\/index.php?rest_route=\/wp\/v2\/posts\/306997"}],"collection":[{"href":"https:\/\/archive.sana.sy\/es\/index.php?rest_route=\/wp\/v2\/posts"}],"about":[{"href":"https:\/\/archive.sana.sy\/es\/index.php?rest_route=\/wp\/v2\/types\/post"}],"author":[{"embeddable":true,"href":"https:\/\/archive.sana.sy\/es\/index.php?rest_route=\/wp\/v2\/users\/35"}],"replies":[{"embeddable":true,"href":"https:\/\/archive.sana.sy\/es\/index.php?rest_route=%2Fwp%2Fv2%2Fcomments&post=306997"}],"version-history":[{"count":2,"href":"https:\/\/archive.sana.sy\/es\/index.php?rest_route=\/wp\/v2\/posts\/306997\/revisions"}],"predecessor-version":[{"id":307000,"href":"https:\/\/archive.sana.sy\/es\/index.php?rest_route=\/wp\/v2\/posts\/306997\/revisions\/307000"}],"wp:featuredmedia":[{"embeddable":true,"href":"https:\/\/archive.sana.sy\/es\/index.php?rest_route=\/wp\/v2\/media\/306998"}],"wp:attachment":[{"href":"https:\/\/archive.sana.sy\/es\/index.php?rest_route=%2Fwp%2Fv2%2Fmedia&parent=306997"}],"wp:term":[{"taxonomy":"category","embeddable":true,"href":"https:\/\/archive.sana.sy\/es\/index.php?rest_route=%2Fwp%2Fv2%2Fcategories&post=306997"},{"taxonomy":"post_tag","embeddable":true,"href":"https:\/\/archive.sana.sy\/es\/index.php?rest_route=%2Fwp%2Fv2%2Ftags&post=306997"}],"curies":[{"name":"wp","href":"https:\/\/api.w.org\/{rel}","templated":true}]}}