{"id":30700,"date":"2015-09-29T16:14:17","date_gmt":"2015-09-29T13:14:17","guid":{"rendered":"http:\/\/sana.sy\/es\/?p=30700"},"modified":"2015-09-29T16:20:43","modified_gmt":"2015-09-29T13:20:43","slug":"delegacion-parlamentaria-francesa-se-reune-con-el-asistente-del-canciller","status":"publish","type":"post","link":"https:\/\/archive.sana.sy\/es\/?p=30700","title":{"rendered":"Delegaci\u00f3n parlamentaria francesa se re\u00fane con el asistente del canciller y el Gran Muft\u00ed de Siria"},"content":{"rendered":"<p><span style=\"color: #800000\">Damasco, SANA<\/span><\/p>\n<p>El asistente del ministro de Exteriores y Expatriados, Dr. Ayman Susan, se reuni\u00f3 este martes con la delegaci\u00f3n de la Asamblea Nacional francesa, encabezada por el diputado Gerard Bapt y conformada por los diputados Christian Honan y Jerome Lambert.<\/p>\n<p>Durante la reuni\u00f3n, Susan dijo que los \u00faltimos acontecimientos han demostrado la credibilidad de la visi\u00f3n de Siria sobre la destrucci\u00f3n sistem\u00e1tica en Siria, apuntando a la responsabilidad moral y pol\u00edtica del gobierno franc\u00e9s a trav\u00e9s de su apoyo al terrorismo en Siria, lo cual da\u00f1a la reputaci\u00f3n de Francia en la escena internacional y no sirve a sus intereses.<\/p>\n<p>El diplom\u00e1tico sirio indic\u00f3 que algunos pa\u00edses c\u00f3mplices en la agresi\u00f3n contra Siria, reconocieron el error de sus pol\u00edticas adoptadas, destacando que esos pa\u00edses deben involucrarse en serio en la lucha contra el terrorismo en el marco de las resoluciones del Consejo de Seguridad y el respeto a la soberan\u00eda nacional.<\/p>\n<p>Asimismo, destac\u00f3 la necesidad de obligar a los estados que apoyan el terrorismo a que dejen de hacerlo y que cumplan las resoluciones del Consejo de Seguridad.<\/p>\n<p>Por su parte, los miembros de la delegaci\u00f3n parlamentaria francesa expresaron su solidaridad con el pueblo sirio ante los cr\u00edmenes que est\u00e1 sufriendo a manos de las organizaciones terroristas.<\/p>\n<p>Asimismo, elogiaron la unidad nacional entre los hijos del pueblo sirio y los esfuerzos realizados por el gobierno sirio para ayudar a las v\u00edctimas del terrorismo.<\/p>\n<p>Afirmaron adem\u00e1s que transmitir\u00e1n lo que vieron en Siria a la opini\u00f3n p\u00fablica francesa y europea.<\/p>\n<p><img loading=\"lazy\" decoding=\"async\" class=\"aligncenter size-medium wp-image-30723\" src=\"http:\/\/sana.sy\/es\/wp-content\/uploads\/2015\/09\/Mufti-delegacion-parlamentaria-francesa-300x150.jpg\" alt=\"Mufti- delegacion parlamentaria francesa\" width=\"300\" height=\"150\" srcset=\"https:\/\/archive.sana.sy\/es\/wp-content\/uploads\/2015\/09\/Mufti-delegacion-parlamentaria-francesa-300x150.jpg 300w, https:\/\/archive.sana.sy\/es\/wp-content\/uploads\/2015\/09\/Mufti-delegacion-parlamentaria-francesa-150x75.jpg 150w, https:\/\/archive.sana.sy\/es\/wp-content\/uploads\/2015\/09\/Mufti-delegacion-parlamentaria-francesa.jpg 660w\" sizes=\"(max-width: 300px) 100vw, 300px\" \/><\/p>\n<p>El gran Muft\u00ed de la Rep\u00fablica se reuni\u00f3 tambi\u00e9n con la misma delegaci\u00f3n parlamentaria francesa.<\/p>\n<p>Durante la reuni\u00f3n, Hassoun destac\u00f3 la importancia del papel de los parlamentarios en rectificar las pol\u00edticas extremistas de sus pa\u00edses hacia la regi\u00f3n.<\/p>\n<p>El Muft\u00ed se dirigi\u00f3 al pueblo sirio asegur\u00e1ndolo\u00a0que en el a\u00f1o en curso se acabar\u00e1 la tragedia\u00a0que vive el pa\u00eds.<\/p>\n<p>A su vez, los diputados franceses se comprometieron con transmitir la verdadera imagen de lo que est\u00e1 ocurriendo en Siria.<\/p>\n<p>&nbsp;<\/p>\n<p><span style=\"color: #00ccff\">Fady M., Hala B., Lynn A.<\/span><\/p>\n","protected":false},"excerpt":{"rendered":"<p>Damasco, SANA El asistente del ministro de Exteriores y Expatriados, Dr. Ayman Susan, se reuni\u00f3 este martes con la delegaci\u00f3n de la Asamblea Nacional francesa, encabezada por el diputado Gerard Bapt y conformada por los diputados Christian Honan y Jerome Lambert. Durante la reuni\u00f3n, Susan dijo que los \u00faltimos acontecimientos han demostrado la credibilidad de &hellip;<\/p>\n","protected":false},"author":1,"featured_media":30701,"comment_status":"closed","ping_status":"closed","sticky":false,"template":"","format":"standard","meta":{"footnotes":""},"categories":[597,476,457,576],"tags":[6807],"class_list":["post-30700","post","type-post","status-publish","format-standard","has-post-thumbnail","","category-cinta-de-noticias","category-locales","category-noticias-arabe-internacional-politica","category-noticias-politicas","tag-delegacion-parlamentaria-francesa-se-reune-con-el-asistente-del-canciller"],"_links":{"self":[{"href":"https:\/\/archive.sana.sy\/es\/index.php?rest_route=\/wp\/v2\/posts\/30700"}],"collection":[{"href":"https:\/\/archive.sana.sy\/es\/index.php?rest_route=\/wp\/v2\/posts"}],"about":[{"href":"https:\/\/archive.sana.sy\/es\/index.php?rest_route=\/wp\/v2\/types\/post"}],"author":[{"embeddable":true,"href":"https:\/\/archive.sana.sy\/es\/index.php?rest_route=\/wp\/v2\/users\/1"}],"replies":[{"embeddable":true,"href":"https:\/\/archive.sana.sy\/es\/index.php?rest_route=%2Fwp%2Fv2%2Fcomments&post=30700"}],"version-history":[{"count":0,"href":"https:\/\/archive.sana.sy\/es\/index.php?rest_route=\/wp\/v2\/posts\/30700\/revisions"}],"wp:featuredmedia":[{"embeddable":true,"href":"https:\/\/archive.sana.sy\/es\/index.php?rest_route=\/wp\/v2\/media\/30701"}],"wp:attachment":[{"href":"https:\/\/archive.sana.sy\/es\/index.php?rest_route=%2Fwp%2Fv2%2Fmedia&parent=30700"}],"wp:term":[{"taxonomy":"category","embeddable":true,"href":"https:\/\/archive.sana.sy\/es\/index.php?rest_route=%2Fwp%2Fv2%2Fcategories&post=30700"},{"taxonomy":"post_tag","embeddable":true,"href":"https:\/\/archive.sana.sy\/es\/index.php?rest_route=%2Fwp%2Fv2%2Ftags&post=30700"}],"curies":[{"name":"wp","href":"https:\/\/api.w.org\/{rel}","templated":true}]}}