{"id":30706,"date":"2015-09-29T14:08:51","date_gmt":"2015-09-29T11:08:51","guid":{"rendered":"http:\/\/sana.sy\/es\/?p=30706"},"modified":"2015-09-29T14:08:51","modified_gmt":"2015-09-29T11:08:51","slug":"kirchner-quienes-enfrentaban-al-gobierno-de-siria-hoy-forman-parte-del-ei","status":"publish","type":"post","link":"https:\/\/archive.sana.sy\/es\/?p=30706","title":{"rendered":"Kirchner: quienes enfrentaban al gobierno de Siria, hoy forman parte del EI"},"content":{"rendered":"<p><span style=\"color: #800000\">Naciones Unidas, SANA<\/span><\/p>\n<p>La presidenta de Argentina, Cristina Fern\u00e1ndez de Kirchner, intervino ante la hist\u00f3rica 70.\u00aa Asamblea General de la ONU y dijo que &#8220;los enemigos cambian y mutan con una velocidad asombrosa, aclarando que en la \u00faltima reuni\u00f3n del G-20, quienes enfrentaban al gobierno de Siria, hoy forman parte del ISIS.<\/p>\n<p>&#8220;Yo tengo un gran interrogante de c\u00f3mo funciona este grupo isl\u00e1mico, c\u00f3mo se financia, donde uno ve escenas espantosas, donde deg\u00fcella personas, que uno puede ver que otros los filman, donde hay un despliegue casi cinematogr\u00e1fico, ser\u00eda bueno saber de d\u00f3nde se financia todo esto, ya que ayudar\u00eda al mundo para combatir uno de los peores flagelos, el fundamentalismo, sea de cualquier \u00edndole&#8221;, explic\u00f3.<\/p>\n<p>La presidenta argentina habl\u00f3 tambi\u00e9n sobre el tema de la distribuci\u00f3n poco equitativa de recursos entre la poblaci\u00f3n se\u00f1alando que &#8220;el 1 por ciento de la poblaci\u00f3n concentra el 50 por ciento de la riqueza a nivel global&#8221;.<\/p>\n<p>Kirchner afirm\u00f3 que no se puede &#8220;permitir que se siga con la hipocres\u00eda y los dobles est\u00e1ndares en materia diplom\u00e1tica&#8221; y tambi\u00e9n felicit\u00f3 a Ir\u00e1n y a los pa\u00edses negociadores &#8220;por haber arribado a un acuerdo en materia nuclear que ayuda a descomprimir la situaci\u00f3n y da m\u00e1s certezas de seguridad&#8221;.<\/p>\n<p>En cuanto al problema de flujos migratorios, Kirchner destac\u00f3 que &#8220;somos todos hijos y nietos de inmigrantes&#8221;.<\/p>\n<p>&#8220;No le ponemos tarjeta roja a nadie porque consideramos la necesidad de articular y de contribuir a un mundo m\u00e1s justo&#8221;, indic\u00f3 la mandataria.<\/p>\n<p><span style=\"color: #00ccff\">Fady M., Hala B.<\/span><\/p>\n","protected":false},"excerpt":{"rendered":"<p>Naciones Unidas, SANA La presidenta de Argentina, Cristina Fern\u00e1ndez de Kirchner, intervino ante la hist\u00f3rica 70.\u00aa Asamblea General de la ONU y dijo que &#8220;los enemigos cambian y mutan con una velocidad asombrosa, aclarando que en la \u00faltima reuni\u00f3n del G-20, quienes enfrentaban al gobierno de Siria, hoy forman parte del ISIS. &#8220;Yo tengo un &hellip;<\/p>\n","protected":false},"author":1,"featured_media":30707,"comment_status":"closed","ping_status":"closed","sticky":false,"template":"","format":"standard","meta":{"footnotes":""},"categories":[456,457,576],"tags":[6810,6809],"class_list":["post-30706","post","type-post","status-publish","format-standard","has-post-thumbnail","","category-arabe-internacional-politica","category-noticias-arabe-internacional-politica","category-noticias-politicas","tag-hoy-forman-parte-del-ei","tag-kirchner-quienes-enfrentaban-al-gobierno-de-siria"],"_links":{"self":[{"href":"https:\/\/archive.sana.sy\/es\/index.php?rest_route=\/wp\/v2\/posts\/30706"}],"collection":[{"href":"https:\/\/archive.sana.sy\/es\/index.php?rest_route=\/wp\/v2\/posts"}],"about":[{"href":"https:\/\/archive.sana.sy\/es\/index.php?rest_route=\/wp\/v2\/types\/post"}],"author":[{"embeddable":true,"href":"https:\/\/archive.sana.sy\/es\/index.php?rest_route=\/wp\/v2\/users\/1"}],"replies":[{"embeddable":true,"href":"https:\/\/archive.sana.sy\/es\/index.php?rest_route=%2Fwp%2Fv2%2Fcomments&post=30706"}],"version-history":[{"count":0,"href":"https:\/\/archive.sana.sy\/es\/index.php?rest_route=\/wp\/v2\/posts\/30706\/revisions"}],"wp:featuredmedia":[{"embeddable":true,"href":"https:\/\/archive.sana.sy\/es\/index.php?rest_route=\/wp\/v2\/media\/30707"}],"wp:attachment":[{"href":"https:\/\/archive.sana.sy\/es\/index.php?rest_route=%2Fwp%2Fv2%2Fmedia&parent=30706"}],"wp:term":[{"taxonomy":"category","embeddable":true,"href":"https:\/\/archive.sana.sy\/es\/index.php?rest_route=%2Fwp%2Fv2%2Fcategories&post=30706"},{"taxonomy":"post_tag","embeddable":true,"href":"https:\/\/archive.sana.sy\/es\/index.php?rest_route=%2Fwp%2Fv2%2Ftags&post=30706"}],"curies":[{"name":"wp","href":"https:\/\/api.w.org\/{rel}","templated":true}]}}