{"id":307085,"date":"2023-08-24T21:29:23","date_gmt":"2023-08-24T18:29:23","guid":{"rendered":"http:\/\/sana.sy\/es\/?p=307085"},"modified":"2023-08-24T21:29:23","modified_gmt":"2023-08-24T18:29:23","slug":"politico-africano-se-burla-de-macron-desde-la-cumbre-de-los-brics","status":"publish","type":"post","link":"https:\/\/archive.sana.sy\/es\/?p=307085","title":{"rendered":"Pol\u00edtico africano se burla de Macron desde la cumbre de los BRICS"},"content":{"rendered":"<p style=\"text-align: justify;\"><span style=\"color: #800000;\"><strong>Johanesburgo, 24 ago (SANA)<\/strong><\/span> El pol\u00edtico franco-benin\u00e9s Kemi Seba public\u00f3 un video en sus redes sociales en el que se burla por la ausencia del presidente de Francia, Emmanuel Macron, en la XV Cumbre del grupo BRICS, que se celebra esta semana en la ciudad sudafricana de Johannesburgo.<\/p>\n<p style=\"text-align: justify;\">&#8220;En vivo desde los BRICS. Estoy buscando a Emmanuel Macron. Pero no puedo encontrarlo&#8221;, manifiesta Seba en la grabaci\u00f3n, hecha durante el Foro Empresarial de este martes e insiste en preguntar si el jefe del Estado franc\u00e9s puede escuchar su llamado.<\/p>\n<p style=\"text-align: justify;\">&#8220;Emmanuel, \u00bfd\u00f3nde est\u00e1s?. Me dijeron que hab\u00edas prohibido que yo viniera aqu\u00ed a Sud\u00e1frica&#8221;, sostiene el activista panafricano citado por RT.<\/p>\n<p style=\"text-align: justify;\"><em><strong>fm\/ah<\/strong><\/em><\/p>\n","protected":false},"excerpt":{"rendered":"<p>Johanesburgo, 24 ago (SANA) El pol\u00edtico franco-benin\u00e9s Kemi Seba public\u00f3 un video en sus redes sociales en el que se burla por la ausencia del presidente de Francia, Emmanuel Macron, en la XV Cumbre del grupo BRICS, que se celebra esta semana en la ciudad sudafricana de Johannesburgo. &#8220;En vivo desde los BRICS. Estoy buscando &hellip;<\/p>\n","protected":false},"author":30,"featured_media":307086,"comment_status":"closed","ping_status":"closed","sticky":false,"template":"","format":"standard","meta":{"footnotes":""},"categories":[597,456,16687,20724],"tags":[],"class_list":["post-307085","post","type-post","status-publish","format-standard","has-post-thumbnail","","category-cinta-de-noticias","category-arabe-internacional-politica","category-internacionales","category-minuto-a-minuto"],"_links":{"self":[{"href":"https:\/\/archive.sana.sy\/es\/index.php?rest_route=\/wp\/v2\/posts\/307085"}],"collection":[{"href":"https:\/\/archive.sana.sy\/es\/index.php?rest_route=\/wp\/v2\/posts"}],"about":[{"href":"https:\/\/archive.sana.sy\/es\/index.php?rest_route=\/wp\/v2\/types\/post"}],"author":[{"embeddable":true,"href":"https:\/\/archive.sana.sy\/es\/index.php?rest_route=\/wp\/v2\/users\/30"}],"replies":[{"embeddable":true,"href":"https:\/\/archive.sana.sy\/es\/index.php?rest_route=%2Fwp%2Fv2%2Fcomments&post=307085"}],"version-history":[{"count":1,"href":"https:\/\/archive.sana.sy\/es\/index.php?rest_route=\/wp\/v2\/posts\/307085\/revisions"}],"predecessor-version":[{"id":307087,"href":"https:\/\/archive.sana.sy\/es\/index.php?rest_route=\/wp\/v2\/posts\/307085\/revisions\/307087"}],"wp:featuredmedia":[{"embeddable":true,"href":"https:\/\/archive.sana.sy\/es\/index.php?rest_route=\/wp\/v2\/media\/307086"}],"wp:attachment":[{"href":"https:\/\/archive.sana.sy\/es\/index.php?rest_route=%2Fwp%2Fv2%2Fmedia&parent=307085"}],"wp:term":[{"taxonomy":"category","embeddable":true,"href":"https:\/\/archive.sana.sy\/es\/index.php?rest_route=%2Fwp%2Fv2%2Fcategories&post=307085"},{"taxonomy":"post_tag","embeddable":true,"href":"https:\/\/archive.sana.sy\/es\/index.php?rest_route=%2Fwp%2Fv2%2Ftags&post=307085"}],"curies":[{"name":"wp","href":"https:\/\/api.w.org\/{rel}","templated":true}]}}