{"id":30709,"date":"2015-09-29T14:00:26","date_gmt":"2015-09-29T11:00:26","guid":{"rendered":"http:\/\/sana.sy\/es\/?p=30709"},"modified":"2015-09-29T14:13:09","modified_gmt":"2015-09-29T11:13:09","slug":"rohani-llama-a-formar-un-frente-unido-contra-el-extremismo-y-la-violencia","status":"publish","type":"post","link":"https:\/\/archive.sana.sy\/es\/?p=30709","title":{"rendered":"Rohani llama a formar un frente unido contra el extremismo y la violencia"},"content":{"rendered":"<p><span style=\"color: #800000\">Naciones Unidas, SANA<\/span><\/p>\n<p>El presidente de Ir\u00e1n, Hasan Rohani, critic\u00f3 la mala gesti\u00f3n de las autoridades saud\u00edes en la tragedia ocurrida en Mina, cerca de la ciudad santa de La Meca, y lament\u00f3 la muerte de miles de peregrinos.<\/p>\n<p>En su discurso en el pleno de la 70\u00ba Asamblea General de las Naciones Unidas, Rohani dijo que los terroristas no habr\u00edan encontrado excusas para justificar sus cr\u00edmenes de hoy, si no existiera la injerencia militar de EE.UU. en Afganist\u00e1n e Irak, si no existiera el apoyo incondicional de EE.UU. a las medidas inhumanas del r\u00e9gimen sionista contra el pueblo palestino\u201d,<br \/>\nEl presidente Rohani recalc\u00f3 que \u201choy se ha iniciado un nuevo cap\u00edtulo en las relaciones de Ir\u00e1n con todo el mundo\u201d, resaltando la voluntad del pueblo iran\u00ed para consolidar la paz y seguir los di\u00e1logos constructivos con el concierto de pa\u00edses .<\/p>\n<p>Seg\u00fan Rohani, el principal peligro con el que se est\u00e1 enfrentando hoy en d\u00eda el mundo son las organizaciones terroristas que tratan de convertirse en estados terroristas, utilizando armas y terror, en lugar de las urnas.<\/p>\n<p>A continuaci\u00f3n, expres\u00f3 la disposici\u00f3n de Ir\u00e1n para erradicar el terrorismo, en particular en Siria y Yemen, tal como lo hizo la Rep\u00fablica Isl\u00e1mica de Ir\u00e1n en Irak y Afganist\u00e1n.<\/p>\n<p>&#8220;La \u00fanica v\u00eda para erradicar el terrorismo en Oriente Medio es destruir los recursos sociales, econ\u00f3micos y culturales que sustentan este fen\u00f3meno&#8221;, precis\u00f3 Rohani para despu\u00e9s expresar que para alcanzar este objetivo se debe aprender del pasado amargo y entender que el desarrollo y a posteriori la paz son posibles mediante el respeto mutuo, sin que un pa\u00eds intervenga en los asuntos internos del otro.<\/p>\n<p>De igual manera, el mandatario iran\u00ed llam\u00f3 al mundo, en particular a los pa\u00edses regionales, a elaborar un \u02c8plan integral de acci\u00f3n conjunta\u02c8 para formar un \u02c8frente unido contra el extremismo y la violencia\u02c8 con el fin de enfrentar la ignorancia, la dictadura, la pobreza, la corrupci\u00f3n, el terrorismo, la violencia y sus efectos pol\u00edticos, sociales, culturales, econ\u00f3micos y de seguridad\u201d.<\/p>\n<p>Este frente, detall\u00f3, debe crear una movilizaci\u00f3n colectiva y mundial para solventar seriamente los problemas de la regi\u00f3n a trav\u00e9s de los di\u00e1logos y al mismo tiempo evitar la matanza de gente indefensa, los bombardeos contra civiles y el avance de la violencia con la ayuda de los Gobiernos centrales de la zona.<\/p>\n<p><span style=\"color: #00ccff\">Fady M., Hala B.<\/span><\/p>\n","protected":false},"excerpt":{"rendered":"<p>Naciones Unidas, SANA El presidente de Ir\u00e1n, Hasan Rohani, critic\u00f3 la mala gesti\u00f3n de las autoridades saud\u00edes en la tragedia ocurrida en Mina, cerca de la ciudad santa de La Meca, y lament\u00f3 la muerte de miles de peregrinos. En su discurso en el pleno de la 70\u00ba Asamblea General de las Naciones Unidas, Rohani &hellip;<\/p>\n","protected":false},"author":1,"featured_media":30710,"comment_status":"closed","ping_status":"closed","sticky":false,"template":"","format":"standard","meta":{"footnotes":""},"categories":[456,457,576],"tags":[6811],"class_list":["post-30709","post","type-post","status-publish","format-standard","has-post-thumbnail","","category-arabe-internacional-politica","category-noticias-arabe-internacional-politica","category-noticias-politicas","tag-rohani-llama-a-formar-un-frente-unido-contra-el-extremismo-y-la-violencia"],"_links":{"self":[{"href":"https:\/\/archive.sana.sy\/es\/index.php?rest_route=\/wp\/v2\/posts\/30709"}],"collection":[{"href":"https:\/\/archive.sana.sy\/es\/index.php?rest_route=\/wp\/v2\/posts"}],"about":[{"href":"https:\/\/archive.sana.sy\/es\/index.php?rest_route=\/wp\/v2\/types\/post"}],"author":[{"embeddable":true,"href":"https:\/\/archive.sana.sy\/es\/index.php?rest_route=\/wp\/v2\/users\/1"}],"replies":[{"embeddable":true,"href":"https:\/\/archive.sana.sy\/es\/index.php?rest_route=%2Fwp%2Fv2%2Fcomments&post=30709"}],"version-history":[{"count":0,"href":"https:\/\/archive.sana.sy\/es\/index.php?rest_route=\/wp\/v2\/posts\/30709\/revisions"}],"wp:featuredmedia":[{"embeddable":true,"href":"https:\/\/archive.sana.sy\/es\/index.php?rest_route=\/wp\/v2\/media\/30710"}],"wp:attachment":[{"href":"https:\/\/archive.sana.sy\/es\/index.php?rest_route=%2Fwp%2Fv2%2Fmedia&parent=30709"}],"wp:term":[{"taxonomy":"category","embeddable":true,"href":"https:\/\/archive.sana.sy\/es\/index.php?rest_route=%2Fwp%2Fv2%2Fcategories&post=30709"},{"taxonomy":"post_tag","embeddable":true,"href":"https:\/\/archive.sana.sy\/es\/index.php?rest_route=%2Fwp%2Fv2%2Ftags&post=30709"}],"curies":[{"name":"wp","href":"https:\/\/api.w.org\/{rel}","templated":true}]}}