{"id":307116,"date":"2023-08-25T13:13:42","date_gmt":"2023-08-25T10:13:42","guid":{"rendered":"http:\/\/sana.sy\/es\/?p=307116"},"modified":"2023-08-25T13:13:42","modified_gmt":"2023-08-25T10:13:42","slug":"rusia-se-convirtio-en-una-de-las-mayores-economias-mundiales-pese-a-sanciones","status":"publish","type":"post","link":"https:\/\/archive.sana.sy\/es\/?p=307116","title":{"rendered":"Rusia se convirti\u00f3 en una de las mayores econom\u00edas mundiales pese a sanciones"},"content":{"rendered":"<p style=\"text-align: justify;\"><span style=\"color: #800000;\"><strong>Mosc\u00fa, 25 ago (SANA)<\/strong><\/span> El presidente del Consejo de la Duma Estatal ruso, Vyacheslav Volodin, afirm\u00f3, que a pesar de las miles de sanciones impuestas a Rusia, el pa\u00eds se ha convertido en una de las mayores econom\u00edas del mundo.<\/p>\n<p style=\"text-align: justify;\">\u201cLas sanciones volvieron en contra de sus propios emisores, mientras que Estados Unidos perdi\u00f3 su liderazgo econ\u00f3mico, y los pa\u00edses europeos sufrieron m\u00e1s\u201d, cito RT la declaraci\u00f3n de\u00a0 Volodin en Telegram.<\/p>\n<p style=\"text-align: justify;\">Volodin subray\u00f3 que para construir una econom\u00eda proactiva es necesario apoyar a los productores locales, fortalecer la soberan\u00eda tecnol\u00f3gica y crear nuevas capacidades industriales modernas.<\/p>\n<p style=\"text-align: justify;\"><em><strong>ah\/fm<\/strong><\/em><\/p>\n","protected":false},"excerpt":{"rendered":"<p>Mosc\u00fa, 25 ago (SANA) El presidente del Consejo de la Duma Estatal ruso, Vyacheslav Volodin, afirm\u00f3, que a pesar de las miles de sanciones impuestas a Rusia, el pa\u00eds se ha convertido en una de las mayores econom\u00edas del mundo. \u201cLas sanciones volvieron en contra de sus propios emisores, mientras que Estados Unidos perdi\u00f3 su &hellip;<\/p>\n","protected":false},"author":30,"featured_media":307117,"comment_status":"closed","ping_status":"closed","sticky":false,"template":"","format":"standard","meta":{"footnotes":""},"categories":[456,16687,20724],"tags":[],"class_list":["post-307116","post","type-post","status-publish","format-standard","has-post-thumbnail","","category-arabe-internacional-politica","category-internacionales","category-minuto-a-minuto"],"_links":{"self":[{"href":"https:\/\/archive.sana.sy\/es\/index.php?rest_route=\/wp\/v2\/posts\/307116"}],"collection":[{"href":"https:\/\/archive.sana.sy\/es\/index.php?rest_route=\/wp\/v2\/posts"}],"about":[{"href":"https:\/\/archive.sana.sy\/es\/index.php?rest_route=\/wp\/v2\/types\/post"}],"author":[{"embeddable":true,"href":"https:\/\/archive.sana.sy\/es\/index.php?rest_route=\/wp\/v2\/users\/30"}],"replies":[{"embeddable":true,"href":"https:\/\/archive.sana.sy\/es\/index.php?rest_route=%2Fwp%2Fv2%2Fcomments&post=307116"}],"version-history":[{"count":1,"href":"https:\/\/archive.sana.sy\/es\/index.php?rest_route=\/wp\/v2\/posts\/307116\/revisions"}],"predecessor-version":[{"id":307118,"href":"https:\/\/archive.sana.sy\/es\/index.php?rest_route=\/wp\/v2\/posts\/307116\/revisions\/307118"}],"wp:featuredmedia":[{"embeddable":true,"href":"https:\/\/archive.sana.sy\/es\/index.php?rest_route=\/wp\/v2\/media\/307117"}],"wp:attachment":[{"href":"https:\/\/archive.sana.sy\/es\/index.php?rest_route=%2Fwp%2Fv2%2Fmedia&parent=307116"}],"wp:term":[{"taxonomy":"category","embeddable":true,"href":"https:\/\/archive.sana.sy\/es\/index.php?rest_route=%2Fwp%2Fv2%2Fcategories&post=307116"},{"taxonomy":"post_tag","embeddable":true,"href":"https:\/\/archive.sana.sy\/es\/index.php?rest_route=%2Fwp%2Fv2%2Ftags&post=307116"}],"curies":[{"name":"wp","href":"https:\/\/api.w.org\/{rel}","templated":true}]}}