{"id":307127,"date":"2023-08-25T17:16:50","date_gmt":"2023-08-25T14:16:50","guid":{"rendered":"http:\/\/sana.sy\/es\/?p=307127"},"modified":"2023-08-25T17:17:33","modified_gmt":"2023-08-25T14:17:33","slug":"turistas-europeos-visitan-la-antigua-ciudad-de-bosra-deraa","status":"publish","type":"post","link":"https:\/\/archive.sana.sy\/es\/?p=307127","title":{"rendered":"Turistas europeos visitan la antigua ciudad de Bosra, Deraa"},"content":{"rendered":"<blockquote>\n<p style=\"text-align: justify;\"><span style=\"color: #993300;\">En declaraciones a SANA, el turista alem\u00e1n Mark confirm\u00f3 que lo que vio difiere de lo que escuch\u00f3, y expres\u00f3 su admiraci\u00f3n por el bello estilo arquitect\u00f3nico que caracteriza al Castillo de Bosra y su anfiteatro.<\/span><\/p>\n<\/blockquote>\n<p style=\"text-align: justify;\"><span style=\"color: #800000;\"><strong>Deraa, 25 ago (SANA)\u00a0 <\/strong><\/span>Un grupo de turistas europeos visit\u00f3 los sitios arqueol\u00f3gico y monumentos antiguos de la ciudad de Bosra al-Sham, provincia sure\u00f1a de Deraa<\/p>\n<p style=\"text-align: justify;\">El recorrido incluy\u00f3 el antiguo teatro, el castillo y la Iglesia de San Sergio y Baco.<\/p>\n<p style=\"text-align: justify;\">En declaraciones a SANA, el turista alem\u00e1n Mark confirm\u00f3 que lo que vio difiere de lo que escuch\u00f3, y expres\u00f3 su admiraci\u00f3n por el bello estilo arquitect\u00f3nico que caracteriza al Castillo de Bosra y su anfiteatro.<\/p>\n<p style=\"text-align: justify;\">Julianne, una bailarina de ballet italiana, manifest\u00f3 su esperanza de poder realizar un espect\u00e1culo de ballet en el antiguo teatro, y se refiri\u00f3 al valor cultural que distingue al teatro a lo largo de los siglos.<\/p>\n<p style=\"text-align: justify;\">Van Hoeven, director de fotograf\u00eda holand\u00e9s, afirm\u00f3 que dise\u00f1ar\u00e1 un folleto fotogr\u00e1fico de las antig\u00fcedades de Bosra de forma moderna, para presentar al mundo el valor que tienen, y consider\u00f3 que son un tesoro para todo fot\u00f3grafo del mundo.<\/p>\n<p style=\"text-align: justify;\">En 2010, el a\u00f1o anterior al comienzo de la guerra, el pa\u00eds recibi\u00f3 ocho millones 500 mil visitantes, y este sector aportaba unos ingresos que constituyeron el 9,0 por ciento del Producto Interno Bruto, pero despu\u00e9s la afluencia de turistas cay\u00f3 un 98 por ciento.<\/p>\n<p style=\"text-align: justify;\"><img loading=\"lazy\" decoding=\"async\" class=\"wp-image-307129 size-full aligncenter\" src=\"http:\/\/sana.sy\/es\/wp-content\/uploads\/2023\/08\/Turistas-europeos-visitan-la-antigua-ciudad-de-Bosra-Deraa-2.jpg\" alt=\"\" width=\"660\" height=\"484\" srcset=\"https:\/\/archive.sana.sy\/es\/wp-content\/uploads\/2023\/08\/Turistas-europeos-visitan-la-antigua-ciudad-de-Bosra-Deraa-2.jpg 660w, https:\/\/archive.sana.sy\/es\/wp-content\/uploads\/2023\/08\/Turistas-europeos-visitan-la-antigua-ciudad-de-Bosra-Deraa-2-300x220.jpg 300w, https:\/\/archive.sana.sy\/es\/wp-content\/uploads\/2023\/08\/Turistas-europeos-visitan-la-antigua-ciudad-de-Bosra-Deraa-2-150x110.jpg 150w\" sizes=\"(max-width: 660px) 100vw, 660px\" \/><\/p>\n<p style=\"text-align: justify;\">sm\/fm<\/p>\n<p style=\"text-align: justify;\">\n","protected":false},"excerpt":{"rendered":"<p>En declaraciones a SANA, el turista alem\u00e1n Mark confirm\u00f3 que lo que vio difiere de lo que escuch\u00f3, y expres\u00f3 su admiraci\u00f3n por el bello estilo arquitect\u00f3nico que caracteriza al Castillo de Bosra y su anfiteatro. Deraa, 25 ago (SANA)\u00a0 Un grupo de turistas europeos visit\u00f3 los sitios arqueol\u00f3gico y monumentos antiguos de la ciudad &hellip;<\/p>\n","protected":false},"author":39,"featured_media":307128,"comment_status":"closed","ping_status":"closed","sticky":false,"template":"","format":"standard","meta":{"footnotes":""},"categories":[477,597,573,20724,476,7541],"tags":[],"class_list":["post-307127","post","type-post","status-publish","format-standard","has-post-thumbnail","","category-noticias-edulcorantes","category-cinta-de-noticias","category-la-realidad-de-los-acontecimientos-en-siria","category-minuto-a-minuto","category-locales","category-ultimas-noticias"],"_links":{"self":[{"href":"https:\/\/archive.sana.sy\/es\/index.php?rest_route=\/wp\/v2\/posts\/307127"}],"collection":[{"href":"https:\/\/archive.sana.sy\/es\/index.php?rest_route=\/wp\/v2\/posts"}],"about":[{"href":"https:\/\/archive.sana.sy\/es\/index.php?rest_route=\/wp\/v2\/types\/post"}],"author":[{"embeddable":true,"href":"https:\/\/archive.sana.sy\/es\/index.php?rest_route=\/wp\/v2\/users\/39"}],"replies":[{"embeddable":true,"href":"https:\/\/archive.sana.sy\/es\/index.php?rest_route=%2Fwp%2Fv2%2Fcomments&post=307127"}],"version-history":[{"count":1,"href":"https:\/\/archive.sana.sy\/es\/index.php?rest_route=\/wp\/v2\/posts\/307127\/revisions"}],"predecessor-version":[{"id":307130,"href":"https:\/\/archive.sana.sy\/es\/index.php?rest_route=\/wp\/v2\/posts\/307127\/revisions\/307130"}],"wp:featuredmedia":[{"embeddable":true,"href":"https:\/\/archive.sana.sy\/es\/index.php?rest_route=\/wp\/v2\/media\/307128"}],"wp:attachment":[{"href":"https:\/\/archive.sana.sy\/es\/index.php?rest_route=%2Fwp%2Fv2%2Fmedia&parent=307127"}],"wp:term":[{"taxonomy":"category","embeddable":true,"href":"https:\/\/archive.sana.sy\/es\/index.php?rest_route=%2Fwp%2Fv2%2Fcategories&post=307127"},{"taxonomy":"post_tag","embeddable":true,"href":"https:\/\/archive.sana.sy\/es\/index.php?rest_route=%2Fwp%2Fv2%2Ftags&post=307127"}],"curies":[{"name":"wp","href":"https:\/\/api.w.org\/{rel}","templated":true}]}}