{"id":307131,"date":"2023-08-25T17:45:19","date_gmt":"2023-08-25T14:45:19","guid":{"rendered":"http:\/\/sana.sy\/es\/?p=307131"},"modified":"2023-08-25T17:45:19","modified_gmt":"2023-08-25T14:45:19","slug":"entrega-de-f-16-a-ucrania-acerca-guerra-nuclear","status":"publish","type":"post","link":"https:\/\/archive.sana.sy\/es\/?p=307131","title":{"rendered":"&#8220;Entrega de F-16 a Ucrania acerca guerra nuclear&#8221;"},"content":{"rendered":"<blockquote>\n<p style=\"text-align: justify;\"><span style=\"color: #993300;\">Estados Unidos est\u00e1 llevando la crisis ucraniana al borde de una guerra nuclear al entregar cazas F-16 al r\u00e9gimen de Zelenski, advirti\u00f3 el ministro de Defensa de la Rep\u00fablica Popular Democr\u00e1tica de Corea (RPDC), Kang Sun Nam<\/span><\/p>\n<\/blockquote>\n<p style=\"text-align: justify;\"><span style=\"color: #800000;\"><strong>Pyongyang, 25 ago (SANA)<\/strong> <\/span>El ministro de Defensa de la Rep\u00fablica Popular Democr\u00e1tica de Corea (RPDC), Kang Sun Nam, advirti\u00f3 que Estados Unidos est\u00e1 llevando la crisis ucraniana al borde de una guerra nuclear al entregar cazas F-16 al r\u00e9gimen de Zelenski.<\/p>\n<p>Kang record\u00f3 que Washington tambi\u00e9n suministra a Ucrania un amplio surtido de armas letales, incluidas las internacionalmente prohibidas bombas de racimo.<\/p>\n<p style=\"text-align: justify;\">El ministro reiter\u00f3 el pleno apoyo y solidaridad de la RPDC hacia el pueblo ruso \u201cen la justa causa de defender sus derechos soberanos\u201d y expres\u00f3 su convencimiento de que Rusia lograr\u00e1 la victoria final \u201csuperando con coraje todas las pruebas y dificultades\u201d.<\/p>\n<p style=\"text-align: justify;\">fm\/sm<\/p>\n","protected":false},"excerpt":{"rendered":"<p>Estados Unidos est\u00e1 llevando la crisis ucraniana al borde de una guerra nuclear al entregar cazas F-16 al r\u00e9gimen de Zelenski, advirti\u00f3 el ministro de Defensa de la Rep\u00fablica Popular Democr\u00e1tica de Corea (RPDC), Kang Sun Nam Pyongyang, 25 ago (SANA) El ministro de Defensa de la Rep\u00fablica Popular Democr\u00e1tica de Corea (RPDC), Kang Sun &hellip;<\/p>\n","protected":false},"author":39,"featured_media":307132,"comment_status":"closed","ping_status":"closed","sticky":false,"template":"","format":"standard","meta":{"footnotes":""},"categories":[597,456,16687,20724,7541],"tags":[],"class_list":["post-307131","post","type-post","status-publish","format-standard","has-post-thumbnail","","category-cinta-de-noticias","category-arabe-internacional-politica","category-internacionales","category-minuto-a-minuto","category-ultimas-noticias"],"_links":{"self":[{"href":"https:\/\/archive.sana.sy\/es\/index.php?rest_route=\/wp\/v2\/posts\/307131"}],"collection":[{"href":"https:\/\/archive.sana.sy\/es\/index.php?rest_route=\/wp\/v2\/posts"}],"about":[{"href":"https:\/\/archive.sana.sy\/es\/index.php?rest_route=\/wp\/v2\/types\/post"}],"author":[{"embeddable":true,"href":"https:\/\/archive.sana.sy\/es\/index.php?rest_route=\/wp\/v2\/users\/39"}],"replies":[{"embeddable":true,"href":"https:\/\/archive.sana.sy\/es\/index.php?rest_route=%2Fwp%2Fv2%2Fcomments&post=307131"}],"version-history":[{"count":1,"href":"https:\/\/archive.sana.sy\/es\/index.php?rest_route=\/wp\/v2\/posts\/307131\/revisions"}],"predecessor-version":[{"id":307133,"href":"https:\/\/archive.sana.sy\/es\/index.php?rest_route=\/wp\/v2\/posts\/307131\/revisions\/307133"}],"wp:featuredmedia":[{"embeddable":true,"href":"https:\/\/archive.sana.sy\/es\/index.php?rest_route=\/wp\/v2\/media\/307132"}],"wp:attachment":[{"href":"https:\/\/archive.sana.sy\/es\/index.php?rest_route=%2Fwp%2Fv2%2Fmedia&parent=307131"}],"wp:term":[{"taxonomy":"category","embeddable":true,"href":"https:\/\/archive.sana.sy\/es\/index.php?rest_route=%2Fwp%2Fv2%2Fcategories&post=307131"},{"taxonomy":"post_tag","embeddable":true,"href":"https:\/\/archive.sana.sy\/es\/index.php?rest_route=%2Fwp%2Fv2%2Ftags&post=307131"}],"curies":[{"name":"wp","href":"https:\/\/api.w.org\/{rel}","templated":true}]}}