{"id":307134,"date":"2023-08-26T09:47:54","date_gmt":"2023-08-26T06:47:54","guid":{"rendered":"http:\/\/sana.sy\/es\/?p=307134"},"modified":"2023-08-26T20:36:46","modified_gmt":"2023-08-26T17:36:46","slug":"junta-militar-nigerina-expulsa-al-embajador-frances","status":"publish","type":"post","link":"https:\/\/archive.sana.sy\/es\/?p=307134","title":{"rendered":"Junta Militar nigerina expulsa al embajador franc\u00e9s"},"content":{"rendered":"<p style=\"text-align: justify;\"><span style=\"color: #800000;\"><strong>Niamey, 25 ago (SANA)<\/strong> <\/span>La Junta Militar en el poder en N\u00edger decidi\u00f3 expulsar al embajador de Francia, Sylvain Itt\u00e9, a quien dio un plazo de 48 horas para abandonar el pa\u00eds, seg\u00fan inform\u00f3 el Ministerio de Relaciones Exteriores en un comunicado citado por medios de prensa locales.<\/p>\n<p style=\"text-align: justify;\">Esta medida se produjo en respuesta al desacato del diplom\u00e1tico galo a una invitaci\u00f3n para reunirse con la entidad gobernante, as\u00ed como a acciones que el gobierno nigerino considera perjudiciales para sus intereses y contrarias a su soberan\u00eda, por parte del gobierno franc\u00e9s.<\/p>\n<p style=\"text-align: justify;\">Las tensiones diplom\u00e1ticas entre N\u00edger y Francia aumentaron tras el golpe de estado militar en N\u00edger el pasado 26 de julio, que result\u00f3 en el derrocamiento del presidente Mohamed Bazoum, y el rechazo popular a la presencia de las fuerzas francesas en N\u00edger.<\/p>\n<p style=\"text-align: justify;\"><em><strong>ah\/fm<\/strong><\/em><\/p>\n","protected":false},"excerpt":{"rendered":"<p>Niamey, 25 ago (SANA) La Junta Militar en el poder en N\u00edger decidi\u00f3 expulsar al embajador de Francia, Sylvain Itt\u00e9, a quien dio un plazo de 48 horas para abandonar el pa\u00eds, seg\u00fan inform\u00f3 el Ministerio de Relaciones Exteriores en un comunicado citado por medios de prensa locales. Esta medida se produjo en respuesta al &hellip;<\/p>\n","protected":false},"author":30,"featured_media":307135,"comment_status":"closed","ping_status":"closed","sticky":false,"template":"","format":"standard","meta":{"footnotes":""},"categories":[456,16687,20724,7541],"tags":[],"class_list":["post-307134","post","type-post","status-publish","format-standard","has-post-thumbnail","","category-arabe-internacional-politica","category-internacionales","category-minuto-a-minuto","category-ultimas-noticias"],"_links":{"self":[{"href":"https:\/\/archive.sana.sy\/es\/index.php?rest_route=\/wp\/v2\/posts\/307134"}],"collection":[{"href":"https:\/\/archive.sana.sy\/es\/index.php?rest_route=\/wp\/v2\/posts"}],"about":[{"href":"https:\/\/archive.sana.sy\/es\/index.php?rest_route=\/wp\/v2\/types\/post"}],"author":[{"embeddable":true,"href":"https:\/\/archive.sana.sy\/es\/index.php?rest_route=\/wp\/v2\/users\/30"}],"replies":[{"embeddable":true,"href":"https:\/\/archive.sana.sy\/es\/index.php?rest_route=%2Fwp%2Fv2%2Fcomments&post=307134"}],"version-history":[{"count":1,"href":"https:\/\/archive.sana.sy\/es\/index.php?rest_route=\/wp\/v2\/posts\/307134\/revisions"}],"predecessor-version":[{"id":307136,"href":"https:\/\/archive.sana.sy\/es\/index.php?rest_route=\/wp\/v2\/posts\/307134\/revisions\/307136"}],"wp:featuredmedia":[{"embeddable":true,"href":"https:\/\/archive.sana.sy\/es\/index.php?rest_route=\/wp\/v2\/media\/307135"}],"wp:attachment":[{"href":"https:\/\/archive.sana.sy\/es\/index.php?rest_route=%2Fwp%2Fv2%2Fmedia&parent=307134"}],"wp:term":[{"taxonomy":"category","embeddable":true,"href":"https:\/\/archive.sana.sy\/es\/index.php?rest_route=%2Fwp%2Fv2%2Fcategories&post=307134"},{"taxonomy":"post_tag","embeddable":true,"href":"https:\/\/archive.sana.sy\/es\/index.php?rest_route=%2Fwp%2Fv2%2Ftags&post=307134"}],"curies":[{"name":"wp","href":"https:\/\/api.w.org\/{rel}","templated":true}]}}