{"id":307137,"date":"2023-08-26T17:00:30","date_gmt":"2023-08-26T14:00:30","guid":{"rendered":"http:\/\/sana.sy\/es\/?p=307137"},"modified":"2023-08-26T17:48:26","modified_gmt":"2023-08-26T14:48:26","slug":"presidentes-de-siria-y-bielorrusia-intercambian-felicitaciones-con-motivo-de-aniversario-de-relaciones-diplomaticas","status":"publish","type":"post","link":"https:\/\/archive.sana.sy\/es\/?p=307137","title":{"rendered":"Presidentes de Siria y Bielorrusia intercambian felicitaciones con motivo de aniversario de relaciones diplom\u00e1ticas"},"content":{"rendered":"<blockquote><p><span style=\"color: #993300;\">\u201cLa s\u00f3lida amistad que unen nuestras naciones, junto con los principios y valores que compartimos, sientan una base s\u00f3lida desde la cual trabajamos para lograr los intereses comunes de nuestros pueblos amigos\u201d, expres\u00f3 al-Assad en su misiva.<\/span><\/p><\/blockquote>\n<p style=\"text-align: justify;\"><span style=\"color: #800000;\"><strong>Damasco, 26 ago (SANA)<\/strong><\/span> El presidente sirio Bashar al-Assad y su par bielorruso, Alexander Lukashenko, intercambiaron mensajes de felicitaci\u00f3n con motivo del trig\u00e9simo aniversario de las relaciones diplom\u00e1ticas entre los dos pa\u00edses.<\/p>\n<p style=\"text-align: justify;\">En su mensaje, Al-Assad afirm\u00f3 que Siria est\u00e1 comprometida con fortalecer sus lazos con Bielorrusia y expres\u00f3 su confianza en que estas relaciones seguir\u00e1n desarroll\u00e1ndose.<\/p>\n<p style=\"text-align: justify;\">Agreg\u00f3 que la cooperaci\u00f3n bilateral, gracias al trabajo conjunto entre las instituciones de ambos pa\u00edses, experimentar\u00e1 m\u00e1s \u00e9xitos y avances.<\/p>\n<p style=\"text-align: justify;\">\u201cLa s\u00f3lida amistad que unen nuestras naciones, junto con los principios y valores que compartimos, sientan una base s\u00f3lida desde la cual trabajamos para lograr los intereses comunes de nuestros pueblos amigos\u201d, expres\u00f3 al-Assad en su misiva.<\/p>\n<p style=\"text-align: justify;\">Hizo hincapi\u00e9 en que la cooperaci\u00f3n conjunta es una de las herramientas con las cuales ambos pa\u00edses pueden fortalecer su resistencia contra la guerra econ\u00f3mica impuesta por Occidente.<\/p>\n<p style=\"text-align: justify;\">Por su parte, Lukashenko, destac\u00f3 en su mensaje que durante este tiempo las relaciones entre Bielorrusia y Siria evolucionaron din\u00e1micamente sobre la base de la amistad y la confianza, estableciendo una cooperaci\u00f3n s\u00f3lida en \u00e1reas del comercio, la educaci\u00f3n, la cultura y el deporte.<\/p>\n<p style=\"text-align: justify;\">El mandatario bielorruso se\u00f1al\u00f3 que Minsk siempre ha estado el lado de Siria en los momentos dif\u00edciles.<\/p>\n<p style=\"text-align: justify;\">\u201cEstoy convencido de que nuestras naciones enfrentar\u00e1n con \u00e9xito los desaf\u00edos de la nueva era, y continuaremos con una cooperaci\u00f3n fruct\u00edfera tanto a nivel bilateral como internacional\u201d, concluy\u00f3.<\/p>\n<p style=\"text-align: justify;\"><em><strong>ah\/fm<\/strong><\/em><\/p>\n","protected":false},"excerpt":{"rendered":"<p>\u201cLa s\u00f3lida amistad que unen nuestras naciones, junto con los principios y valores que compartimos, sientan una base s\u00f3lida desde la cual trabajamos para lograr los intereses comunes de nuestros pueblos amigos\u201d, expres\u00f3 al-Assad en su misiva. Damasco, 26 ago (SANA) El presidente sirio Bashar al-Assad y su par bielorruso, Alexander Lukashenko, intercambiaron mensajes de &hellip;<\/p>\n","protected":false},"author":30,"featured_media":307138,"comment_status":"closed","ping_status":"closed","sticky":false,"template":"","format":"standard","meta":{"footnotes":""},"categories":[597,20724,16237,583,626],"tags":[],"class_list":["post-307137","post","type-post","status-publish","format-standard","has-post-thumbnail","","category-cinta-de-noticias","category-minuto-a-minuto","category-presidence-de-la-republique-arabe-syria","category-slide","category-sr-presidente"],"_links":{"self":[{"href":"https:\/\/archive.sana.sy\/es\/index.php?rest_route=\/wp\/v2\/posts\/307137"}],"collection":[{"href":"https:\/\/archive.sana.sy\/es\/index.php?rest_route=\/wp\/v2\/posts"}],"about":[{"href":"https:\/\/archive.sana.sy\/es\/index.php?rest_route=\/wp\/v2\/types\/post"}],"author":[{"embeddable":true,"href":"https:\/\/archive.sana.sy\/es\/index.php?rest_route=\/wp\/v2\/users\/30"}],"replies":[{"embeddable":true,"href":"https:\/\/archive.sana.sy\/es\/index.php?rest_route=%2Fwp%2Fv2%2Fcomments&post=307137"}],"version-history":[{"count":1,"href":"https:\/\/archive.sana.sy\/es\/index.php?rest_route=\/wp\/v2\/posts\/307137\/revisions"}],"predecessor-version":[{"id":307139,"href":"https:\/\/archive.sana.sy\/es\/index.php?rest_route=\/wp\/v2\/posts\/307137\/revisions\/307139"}],"wp:featuredmedia":[{"embeddable":true,"href":"https:\/\/archive.sana.sy\/es\/index.php?rest_route=\/wp\/v2\/media\/307138"}],"wp:attachment":[{"href":"https:\/\/archive.sana.sy\/es\/index.php?rest_route=%2Fwp%2Fv2%2Fmedia&parent=307137"}],"wp:term":[{"taxonomy":"category","embeddable":true,"href":"https:\/\/archive.sana.sy\/es\/index.php?rest_route=%2Fwp%2Fv2%2Fcategories&post=307137"},{"taxonomy":"post_tag","embeddable":true,"href":"https:\/\/archive.sana.sy\/es\/index.php?rest_route=%2Fwp%2Fv2%2Ftags&post=307137"}],"curies":[{"name":"wp","href":"https:\/\/api.w.org\/{rel}","templated":true}]}}