{"id":307146,"date":"2023-08-26T18:55:53","date_gmt":"2023-08-26T15:55:53","guid":{"rendered":"http:\/\/sana.sy\/es\/?p=307146"},"modified":"2023-08-26T20:21:41","modified_gmt":"2023-08-26T17:21:41","slug":"un-nino-resulta-herido-por-ataque-terrorista-con-cohetes-contra-el-noroeste-de-hama","status":"publish","type":"post","link":"https:\/\/archive.sana.sy\/es\/?p=307146","title":{"rendered":"Un ni\u00f1o resulta herido por ataque terrorista con cohetes contra el noroeste de Hama"},"content":{"rendered":"<p style=\"text-align: justify;\"><span style=\"color: #800000;\"><strong>Hama, 26 ago (SANA)<\/strong><\/span> Un ni\u00f1o result\u00f3 gravemente herido a consecuencia de un ataque con cohetes contra la aldea de Jurin, al noroeste de la provincia central de Hama, perpetrado por las organizaciones terroristas desplegadas en la zona de desescalada en Idlib.<\/p>\n<p style=\"text-align: justify;\">La Polic\u00eda de Hama inform\u00f3 que las organizaciones terroristas desplegadas en Idlib llevaron a cabo un ataque con varios cohetes contra la aldea de Jurin, y como resultado, un ni\u00f1o result\u00f3 gravemente herido y se registraron da\u00f1os materiales en propiedades p\u00fablicas y privadas.<\/p>\n<p style=\"text-align: justify;\">La fuente se\u00f1al\u00f3 que el ni\u00f1o fue trasladado al Hospital Nacional de Hama para recibir tratamiento m\u00e9dico.<\/p>\n<p style=\"text-align: justify;\"><em><strong>ah\/fm<\/strong><\/em><\/p>\n","protected":false},"excerpt":{"rendered":"<p>Hama, 26 ago (SANA) Un ni\u00f1o result\u00f3 gravemente herido a consecuencia de un ataque con cohetes contra la aldea de Jurin, al noroeste de la provincia central de Hama, perpetrado por las organizaciones terroristas desplegadas en la zona de desescalada en Idlib. La Polic\u00eda de Hama inform\u00f3 que las organizaciones terroristas desplegadas en Idlib llevaron &hellip;<\/p>\n","protected":false},"author":30,"featured_media":307147,"comment_status":"closed","ping_status":"closed","sticky":false,"template":"","format":"standard","meta":{"footnotes":""},"categories":[477,597,573,20724,476,7541],"tags":[],"class_list":["post-307146","post","type-post","status-publish","format-standard","has-post-thumbnail","","category-noticias-edulcorantes","category-cinta-de-noticias","category-la-realidad-de-los-acontecimientos-en-siria","category-minuto-a-minuto","category-locales","category-ultimas-noticias"],"_links":{"self":[{"href":"https:\/\/archive.sana.sy\/es\/index.php?rest_route=\/wp\/v2\/posts\/307146"}],"collection":[{"href":"https:\/\/archive.sana.sy\/es\/index.php?rest_route=\/wp\/v2\/posts"}],"about":[{"href":"https:\/\/archive.sana.sy\/es\/index.php?rest_route=\/wp\/v2\/types\/post"}],"author":[{"embeddable":true,"href":"https:\/\/archive.sana.sy\/es\/index.php?rest_route=\/wp\/v2\/users\/30"}],"replies":[{"embeddable":true,"href":"https:\/\/archive.sana.sy\/es\/index.php?rest_route=%2Fwp%2Fv2%2Fcomments&post=307146"}],"version-history":[{"count":1,"href":"https:\/\/archive.sana.sy\/es\/index.php?rest_route=\/wp\/v2\/posts\/307146\/revisions"}],"predecessor-version":[{"id":307148,"href":"https:\/\/archive.sana.sy\/es\/index.php?rest_route=\/wp\/v2\/posts\/307146\/revisions\/307148"}],"wp:featuredmedia":[{"embeddable":true,"href":"https:\/\/archive.sana.sy\/es\/index.php?rest_route=\/wp\/v2\/media\/307147"}],"wp:attachment":[{"href":"https:\/\/archive.sana.sy\/es\/index.php?rest_route=%2Fwp%2Fv2%2Fmedia&parent=307146"}],"wp:term":[{"taxonomy":"category","embeddable":true,"href":"https:\/\/archive.sana.sy\/es\/index.php?rest_route=%2Fwp%2Fv2%2Fcategories&post=307146"},{"taxonomy":"post_tag","embeddable":true,"href":"https:\/\/archive.sana.sy\/es\/index.php?rest_route=%2Fwp%2Fv2%2Ftags&post=307146"}],"curies":[{"name":"wp","href":"https:\/\/api.w.org\/{rel}","templated":true}]}}