{"id":307149,"date":"2023-08-26T13:31:22","date_gmt":"2023-08-26T10:31:22","guid":{"rendered":"http:\/\/sana.sy\/es\/?p=307149"},"modified":"2023-08-26T14:25:53","modified_gmt":"2023-08-26T11:25:53","slug":"piloto-estadounidense-fallece-en-choque-de-caza-durante-entrenamiento-nocturno","status":"publish","type":"post","link":"https:\/\/archive.sana.sy\/es\/?p=307149","title":{"rendered":"Piloto estadounidense fallece en choque de caza durante entrenamiento nocturno"},"content":{"rendered":"<p style=\"text-align: justify;\"><span style=\"color: #800000;\"><strong>Washington, 26 ago (SANA)<\/strong><\/span> El ej\u00e9rcito de Estados Unidos anunci\u00f3 que un piloto militar perdi\u00f3 la vida cuando su caza se estrell\u00f3 cerca de una base a\u00e9rea en California.<\/p>\n<p style=\"text-align: justify;\">El mando militar de este ej\u00e9rcito inform\u00f3 que ha iniciado una investigaci\u00f3n para esclarecer las circunstancias del accidente.<\/p>\n<p style=\"text-align: justify;\">Seg\u00fan un comunicado emitido por el Cuerpo de Marines, \u201cel piloto era el \u00fanico ocupante a bordo de la aeronave F\/A-18 Hornet en el momento del accidente, el cual tuvo lugar a las 11:54 p.m. hora local del pasado jueves\u201d.<\/p>\n<p style=\"text-align: justify;\">A\u00f1adi\u00f3 que los equipos de b\u00fasqueda y rescate recuperaron el cuerpo del piloto en el lugar del siniestro, cerca de la Base A\u00e9rea Miramar de los Marines en San Diego.<\/p>\n<p style=\"text-align: justify;\"><em><strong>ah\/fm<\/strong><\/em><\/p>\n","protected":false},"excerpt":{"rendered":"<p>Washington, 26 ago (SANA) El ej\u00e9rcito de Estados Unidos anunci\u00f3 que un piloto militar perdi\u00f3 la vida cuando su caza se estrell\u00f3 cerca de una base a\u00e9rea en California. El mando militar de este ej\u00e9rcito inform\u00f3 que ha iniciado una investigaci\u00f3n para esclarecer las circunstancias del accidente. Seg\u00fan un comunicado emitido por el Cuerpo de &hellip;<\/p>\n","protected":false},"author":30,"featured_media":307150,"comment_status":"closed","ping_status":"closed","sticky":false,"template":"","format":"standard","meta":{"footnotes":""},"categories":[456,16687,20724],"tags":[],"class_list":["post-307149","post","type-post","status-publish","format-standard","has-post-thumbnail","","category-arabe-internacional-politica","category-internacionales","category-minuto-a-minuto"],"_links":{"self":[{"href":"https:\/\/archive.sana.sy\/es\/index.php?rest_route=\/wp\/v2\/posts\/307149"}],"collection":[{"href":"https:\/\/archive.sana.sy\/es\/index.php?rest_route=\/wp\/v2\/posts"}],"about":[{"href":"https:\/\/archive.sana.sy\/es\/index.php?rest_route=\/wp\/v2\/types\/post"}],"author":[{"embeddable":true,"href":"https:\/\/archive.sana.sy\/es\/index.php?rest_route=\/wp\/v2\/users\/30"}],"replies":[{"embeddable":true,"href":"https:\/\/archive.sana.sy\/es\/index.php?rest_route=%2Fwp%2Fv2%2Fcomments&post=307149"}],"version-history":[{"count":3,"href":"https:\/\/archive.sana.sy\/es\/index.php?rest_route=\/wp\/v2\/posts\/307149\/revisions"}],"predecessor-version":[{"id":307172,"href":"https:\/\/archive.sana.sy\/es\/index.php?rest_route=\/wp\/v2\/posts\/307149\/revisions\/307172"}],"wp:featuredmedia":[{"embeddable":true,"href":"https:\/\/archive.sana.sy\/es\/index.php?rest_route=\/wp\/v2\/media\/307150"}],"wp:attachment":[{"href":"https:\/\/archive.sana.sy\/es\/index.php?rest_route=%2Fwp%2Fv2%2Fmedia&parent=307149"}],"wp:term":[{"taxonomy":"category","embeddable":true,"href":"https:\/\/archive.sana.sy\/es\/index.php?rest_route=%2Fwp%2Fv2%2Fcategories&post=307149"},{"taxonomy":"post_tag","embeddable":true,"href":"https:\/\/archive.sana.sy\/es\/index.php?rest_route=%2Fwp%2Fv2%2Ftags&post=307149"}],"curies":[{"name":"wp","href":"https:\/\/api.w.org\/{rel}","templated":true}]}}