{"id":307152,"date":"2023-08-26T19:00:50","date_gmt":"2023-08-26T16:00:50","guid":{"rendered":"http:\/\/sana.sy\/es\/?p=307152"},"modified":"2023-08-26T20:21:28","modified_gmt":"2023-08-26T17:21:28","slug":"siria-aboga-por-independencia-en-la-gestion-del-fondo-de-diversidad-biologica","status":"publish","type":"post","link":"https:\/\/archive.sana.sy\/es\/?p=307152","title":{"rendered":"Siria aboga por independencia en la gesti\u00f3n del Fondo de Diversidad Biol\u00f3gica"},"content":{"rendered":"<p style=\"text-align: justify;\"><span style=\"color: #800000;\"><strong>Vancouver, 26 ago (SANA)<\/strong><\/span> El viceministro de Administraci\u00f3n Local y Medio Ambiente, Mutaz Duah Ghi, subray\u00f3 la importancia de establecer un mecanismo independiente para administrar apol\u00edticamente el Fondo de Diversidad Biol\u00f3gica.<\/p>\n<p style=\"text-align: justify;\">Esta postura fue expresada durante la s\u00e9ptima reuni\u00f3n de la Asamblea General del Fondo Mundial para el Medio Ambiente (GEF, por sus siglas en ingl\u00e9s) en Vancouver, Canad\u00e1.<\/p>\n<p style=\"text-align: justify;\">Las sesiones de la Asamblea se han llevado a cabo del 22 al 26 de agosto y contaron con representantes medioambientales de 185 pa\u00edses alrededor del mundo.<\/p>\n<p style=\"text-align: justify;\">En este espacio, se abordan cuestiones cruciales como el cambio clim\u00e1tico, la transici\u00f3n justa hacia energ\u00edas limpias, el apoyo a las naciones en desarrollo en su adaptaci\u00f3n a los cambios clim\u00e1ticos y la consecuci\u00f3n de los Objetivos de Desarrollo Sostenible para 2030.<\/p>\n<p style=\"text-align: justify;\">La delegaci\u00f3n siria tambi\u00e9n particip\u00f3 en la mesa redonda sobre cambio clim\u00e1tico y diversidad biol\u00f3gica que se llevaron a cabo en el marco de estas reuniones.<\/p>\n<p style=\"text-align: justify;\"><em><strong>ah\/fm<\/strong><\/em><\/p>\n","protected":false},"excerpt":{"rendered":"<p>Vancouver, 26 ago (SANA) El viceministro de Administraci\u00f3n Local y Medio Ambiente, Mutaz Duah Ghi, subray\u00f3 la importancia de establecer un mecanismo independiente para administrar apol\u00edticamente el Fondo de Diversidad Biol\u00f3gica. Esta postura fue expresada durante la s\u00e9ptima reuni\u00f3n de la Asamblea General del Fondo Mundial para el Medio Ambiente (GEF, por sus siglas en &hellip;<\/p>\n","protected":false},"author":30,"featured_media":307153,"comment_status":"closed","ping_status":"closed","sticky":false,"template":"","format":"standard","meta":{"footnotes":""},"categories":[477,597,20724,476,467,7541],"tags":[],"class_list":["post-307152","post","type-post","status-publish","format-standard","has-post-thumbnail","","category-noticias-edulcorantes","category-cinta-de-noticias","category-minuto-a-minuto","category-locales","category-siria-y-el-mundo","category-ultimas-noticias"],"_links":{"self":[{"href":"https:\/\/archive.sana.sy\/es\/index.php?rest_route=\/wp\/v2\/posts\/307152"}],"collection":[{"href":"https:\/\/archive.sana.sy\/es\/index.php?rest_route=\/wp\/v2\/posts"}],"about":[{"href":"https:\/\/archive.sana.sy\/es\/index.php?rest_route=\/wp\/v2\/types\/post"}],"author":[{"embeddable":true,"href":"https:\/\/archive.sana.sy\/es\/index.php?rest_route=\/wp\/v2\/users\/30"}],"replies":[{"embeddable":true,"href":"https:\/\/archive.sana.sy\/es\/index.php?rest_route=%2Fwp%2Fv2%2Fcomments&post=307152"}],"version-history":[{"count":3,"href":"https:\/\/archive.sana.sy\/es\/index.php?rest_route=\/wp\/v2\/posts\/307152\/revisions"}],"predecessor-version":[{"id":307170,"href":"https:\/\/archive.sana.sy\/es\/index.php?rest_route=\/wp\/v2\/posts\/307152\/revisions\/307170"}],"wp:featuredmedia":[{"embeddable":true,"href":"https:\/\/archive.sana.sy\/es\/index.php?rest_route=\/wp\/v2\/media\/307153"}],"wp:attachment":[{"href":"https:\/\/archive.sana.sy\/es\/index.php?rest_route=%2Fwp%2Fv2%2Fmedia&parent=307152"}],"wp:term":[{"taxonomy":"category","embeddable":true,"href":"https:\/\/archive.sana.sy\/es\/index.php?rest_route=%2Fwp%2Fv2%2Fcategories&post=307152"},{"taxonomy":"post_tag","embeddable":true,"href":"https:\/\/archive.sana.sy\/es\/index.php?rest_route=%2Fwp%2Fv2%2Ftags&post=307152"}],"curies":[{"name":"wp","href":"https:\/\/api.w.org\/{rel}","templated":true}]}}