{"id":307155,"date":"2023-08-26T13:38:31","date_gmt":"2023-08-26T10:38:31","guid":{"rendered":"http:\/\/sana.sy\/es\/?p=307155"},"modified":"2023-08-26T20:20:16","modified_gmt":"2023-08-26T17:20:16","slug":"militares-de-niger-en-alerta-maxima-por-orden-del-estado-mayor-ante-crecientes-amenazas","status":"publish","type":"post","link":"https:\/\/archive.sana.sy\/es\/?p=307155","title":{"rendered":"Militares de N\u00edger en alerta m\u00e1xima por orden del Estado Mayor ante crecientes amenazas"},"content":{"rendered":"<p style=\"text-align: justify;\"><span style=\"color: #800000;\"><strong>Niamey, 26 ago (SANA)<\/strong><\/span> El General de Brigada, Moussa Salaou Barmou, l\u00edder del Estado Mayor de las Fuerzas Armadas de N\u00edger, emiti\u00f3 una orden de alerta m\u00e1xima, citada por Sputnik, para todas las tropas en respuesta a las amenazas de agresi\u00f3n cada vez m\u00e1s evidentes contra el pa\u00eds.<\/p>\n<p style=\"text-align: justify;\">El general Barmou justific\u00f3 esta medida como una precauci\u00f3n necesaria para evitar sorpresas y garantizar una respuesta adecuada frente a las amenazas que se ciernen sobre N\u00edger.<\/p>\n<p style=\"text-align: justify;\">A trav\u00e9s de un mensaje de radio urgente, Barmou instruy\u00f3 a todas las unidades a activar el estado de alerta m\u00e1xima de inmediato.<\/p>\n<p style=\"text-align: justify;\">Esta medida se produce en el contexto de la destituci\u00f3n del presidente de N\u00edger, el pasado 26 de julio, por un grupo de oficiales que forman parte del Consejo Nacional por la Salvaguarda de la Patria (CNSP).<\/p>\n<p style=\"text-align: justify;\"><em><strong>ah\/fm<\/strong><\/em><\/p>\n","protected":false},"excerpt":{"rendered":"<p>Niamey, 26 ago (SANA) El General de Brigada, Moussa Salaou Barmou, l\u00edder del Estado Mayor de las Fuerzas Armadas de N\u00edger, emiti\u00f3 una orden de alerta m\u00e1xima, citada por Sputnik, para todas las tropas en respuesta a las amenazas de agresi\u00f3n cada vez m\u00e1s evidentes contra el pa\u00eds. El general Barmou justific\u00f3 esta medida como &hellip;<\/p>\n","protected":false},"author":30,"featured_media":307156,"comment_status":"closed","ping_status":"closed","sticky":false,"template":"","format":"standard","meta":{"footnotes":""},"categories":[456,16687,20724,7541],"tags":[],"class_list":["post-307155","post","type-post","status-publish","format-standard","has-post-thumbnail","","category-arabe-internacional-politica","category-internacionales","category-minuto-a-minuto","category-ultimas-noticias"],"_links":{"self":[{"href":"https:\/\/archive.sana.sy\/es\/index.php?rest_route=\/wp\/v2\/posts\/307155"}],"collection":[{"href":"https:\/\/archive.sana.sy\/es\/index.php?rest_route=\/wp\/v2\/posts"}],"about":[{"href":"https:\/\/archive.sana.sy\/es\/index.php?rest_route=\/wp\/v2\/types\/post"}],"author":[{"embeddable":true,"href":"https:\/\/archive.sana.sy\/es\/index.php?rest_route=\/wp\/v2\/users\/30"}],"replies":[{"embeddable":true,"href":"https:\/\/archive.sana.sy\/es\/index.php?rest_route=%2Fwp%2Fv2%2Fcomments&post=307155"}],"version-history":[{"count":1,"href":"https:\/\/archive.sana.sy\/es\/index.php?rest_route=\/wp\/v2\/posts\/307155\/revisions"}],"predecessor-version":[{"id":307157,"href":"https:\/\/archive.sana.sy\/es\/index.php?rest_route=\/wp\/v2\/posts\/307155\/revisions\/307157"}],"wp:featuredmedia":[{"embeddable":true,"href":"https:\/\/archive.sana.sy\/es\/index.php?rest_route=\/wp\/v2\/media\/307156"}],"wp:attachment":[{"href":"https:\/\/archive.sana.sy\/es\/index.php?rest_route=%2Fwp%2Fv2%2Fmedia&parent=307155"}],"wp:term":[{"taxonomy":"category","embeddable":true,"href":"https:\/\/archive.sana.sy\/es\/index.php?rest_route=%2Fwp%2Fv2%2Fcategories&post=307155"},{"taxonomy":"post_tag","embeddable":true,"href":"https:\/\/archive.sana.sy\/es\/index.php?rest_route=%2Fwp%2Fv2%2Ftags&post=307155"}],"curies":[{"name":"wp","href":"https:\/\/api.w.org\/{rel}","templated":true}]}}