{"id":307248,"date":"2023-08-27T17:01:27","date_gmt":"2023-08-27T14:01:27","guid":{"rendered":"http:\/\/sana.sy\/es\/?p=307248"},"modified":"2023-08-27T17:01:27","modified_gmt":"2023-08-27T14:01:27","slug":"india-pide-inclusion-de-la-union-africana-en-el-grupo-20","status":"publish","type":"post","link":"https:\/\/archive.sana.sy\/es\/?p=307248","title":{"rendered":"India pide inclusi\u00f3n de la Uni\u00f3n Africana en el Grupo-20"},"content":{"rendered":"<p style=\"text-align: justify;\"><span style=\"color: #800000;\"><strong>Nueva Delhi, 27 ago (SANA)\u00a0<\/strong><\/span> \u00a0El primer ministro indio, Narendra Modi, pidi\u00f3 la inclusi\u00f3n de la Uni\u00f3n Africana en el G20, e indic\u00f3 que su pa\u00eds aportar\u00e1 una soluci\u00f3n a los problemas de la cadena de suministro.<\/p>\n<p style=\"text-align: justify;\">&#8220;Hemos extendido una invitaci\u00f3n a la Uni\u00f3n Africana con la visi\u00f3n de concederle una membres\u00eda permanente&#8221;, afirm\u00f3 Modi durante el Foro Empresarial (B20), que antecede la cumbre del G20 prevista en Nueva Delhi los d\u00edas 9 y 10 de septiembre pr\u00f3ximo.<\/p>\n<p style=\"text-align: justify;\">El Grupo-20 est\u00e1 formado por 19 pa\u00edses m\u00e1s la Uni\u00f3n Europea, y constituye alrededor del 85 por ciento del producto interno bruto mundial e incluye dos tercios de la poblaci\u00f3n mundial.<\/p>\n<p style=\"text-align: justify;\">La Uni\u00f3n Africana, con sede en la capital et\u00edope, Addis Abeba, tiene 55 estados miembros, pero la membres\u00eda de cinco pa\u00edses actualmente gobernados por consejos militares est\u00e1 suspendida.<\/p>\n<p style=\"text-align: justify;\">fm\/rr<\/p>\n","protected":false},"excerpt":{"rendered":"<p>Nueva Delhi, 27 ago (SANA)\u00a0 \u00a0El primer ministro indio, Narendra Modi, pidi\u00f3 la inclusi\u00f3n de la Uni\u00f3n Africana en el G20, e indic\u00f3 que su pa\u00eds aportar\u00e1 una soluci\u00f3n a los problemas de la cadena de suministro. &#8220;Hemos extendido una invitaci\u00f3n a la Uni\u00f3n Africana con la visi\u00f3n de concederle una membres\u00eda permanente&#8221;, afirm\u00f3 Modi &hellip;<\/p>\n","protected":false},"author":31,"featured_media":307249,"comment_status":"closed","ping_status":"closed","sticky":false,"template":"","format":"standard","meta":{"footnotes":""},"categories":[456,16687,20724],"tags":[22352,11094,22351],"class_list":["post-307248","post","type-post","status-publish","format-standard","has-post-thumbnail","","category-arabe-internacional-politica","category-internacionales","category-minuto-a-minuto","tag-grupo-20","tag-india","tag-union-africana"],"_links":{"self":[{"href":"https:\/\/archive.sana.sy\/es\/index.php?rest_route=\/wp\/v2\/posts\/307248"}],"collection":[{"href":"https:\/\/archive.sana.sy\/es\/index.php?rest_route=\/wp\/v2\/posts"}],"about":[{"href":"https:\/\/archive.sana.sy\/es\/index.php?rest_route=\/wp\/v2\/types\/post"}],"author":[{"embeddable":true,"href":"https:\/\/archive.sana.sy\/es\/index.php?rest_route=\/wp\/v2\/users\/31"}],"replies":[{"embeddable":true,"href":"https:\/\/archive.sana.sy\/es\/index.php?rest_route=%2Fwp%2Fv2%2Fcomments&post=307248"}],"version-history":[{"count":1,"href":"https:\/\/archive.sana.sy\/es\/index.php?rest_route=\/wp\/v2\/posts\/307248\/revisions"}],"predecessor-version":[{"id":307250,"href":"https:\/\/archive.sana.sy\/es\/index.php?rest_route=\/wp\/v2\/posts\/307248\/revisions\/307250"}],"wp:featuredmedia":[{"embeddable":true,"href":"https:\/\/archive.sana.sy\/es\/index.php?rest_route=\/wp\/v2\/media\/307249"}],"wp:attachment":[{"href":"https:\/\/archive.sana.sy\/es\/index.php?rest_route=%2Fwp%2Fv2%2Fmedia&parent=307248"}],"wp:term":[{"taxonomy":"category","embeddable":true,"href":"https:\/\/archive.sana.sy\/es\/index.php?rest_route=%2Fwp%2Fv2%2Fcategories&post=307248"},{"taxonomy":"post_tag","embeddable":true,"href":"https:\/\/archive.sana.sy\/es\/index.php?rest_route=%2Fwp%2Fv2%2Ftags&post=307248"}],"curies":[{"name":"wp","href":"https:\/\/api.w.org\/{rel}","templated":true}]}}