{"id":307261,"date":"2023-08-27T11:40:27","date_gmt":"2023-08-27T08:40:27","guid":{"rendered":"http:\/\/sana.sy\/es\/?p=307261"},"modified":"2023-08-27T20:31:24","modified_gmt":"2023-08-27T17:31:24","slug":"presidente-al-assad-nombra-a-sabbagh-como-vicecanciller","status":"publish","type":"post","link":"https:\/\/archive.sana.sy\/es\/?p=307261","title":{"rendered":"Presidente Al-Assad nombra a Sabbagh como vicecanciller"},"content":{"rendered":"<p style=\"text-align: justify;\"><span style=\"color: #800000;\"><strong>Damasco, 27 ago (SANA)\u00a0<\/strong><\/span> \u00a0El presidente sirio Bashar Al-Assad, promulg\u00f3 hoy el decreto No. 223 que nombra al embajador Bassam Sabbagh como viceministro de Asuntos Exteriores y Expatriados.<\/p>\n<p style=\"text-align: justify;\">Sabbagh fue el representante permanente de la Rep\u00fablica \u00c1rabe Siria ante las Naciones Unidas en Nueva York desde el 22 de noviembre 2020.<\/p>\n<p style=\"text-align: justify;\">Tambi\u00e9n fue representante permanente de Siria ante las Naciones Unidas en Viena, ante la Organizaci\u00f3n para la Prohibici\u00f3n de las Armas Qu\u00edmicas y ante la Agencia Internacional de Energ\u00eda At\u00f3mica.<\/p>\n<p style=\"text-align: justify;\">rr\/fm<\/p>\n","protected":false},"excerpt":{"rendered":"<p>Damasco, 27 ago (SANA)\u00a0 \u00a0El presidente sirio Bashar Al-Assad, promulg\u00f3 hoy el decreto No. 223 que nombra al embajador Bassam Sabbagh como viceministro de Asuntos Exteriores y Expatriados. Sabbagh fue el representante permanente de la Rep\u00fablica \u00c1rabe Siria ante las Naciones Unidas en Nueva York desde el 22 de noviembre 2020. Tambi\u00e9n fue representante permanente &hellip;<\/p>\n","protected":false},"author":31,"featured_media":307264,"comment_status":"closed","ping_status":"closed","sticky":false,"template":"","format":"standard","meta":{"footnotes":""},"categories":[597,476,583],"tags":[6553,20929],"class_list":["post-307261","post","type-post","status-publish","format-standard","has-post-thumbnail","","category-cinta-de-noticias","category-locales","category-slide","tag-siria","tag-vicecanciller"],"_links":{"self":[{"href":"https:\/\/archive.sana.sy\/es\/index.php?rest_route=\/wp\/v2\/posts\/307261"}],"collection":[{"href":"https:\/\/archive.sana.sy\/es\/index.php?rest_route=\/wp\/v2\/posts"}],"about":[{"href":"https:\/\/archive.sana.sy\/es\/index.php?rest_route=\/wp\/v2\/types\/post"}],"author":[{"embeddable":true,"href":"https:\/\/archive.sana.sy\/es\/index.php?rest_route=\/wp\/v2\/users\/31"}],"replies":[{"embeddable":true,"href":"https:\/\/archive.sana.sy\/es\/index.php?rest_route=%2Fwp%2Fv2%2Fcomments&post=307261"}],"version-history":[{"count":1,"href":"https:\/\/archive.sana.sy\/es\/index.php?rest_route=\/wp\/v2\/posts\/307261\/revisions"}],"predecessor-version":[{"id":307263,"href":"https:\/\/archive.sana.sy\/es\/index.php?rest_route=\/wp\/v2\/posts\/307261\/revisions\/307263"}],"wp:featuredmedia":[{"embeddable":true,"href":"https:\/\/archive.sana.sy\/es\/index.php?rest_route=\/wp\/v2\/media\/307264"}],"wp:attachment":[{"href":"https:\/\/archive.sana.sy\/es\/index.php?rest_route=%2Fwp%2Fv2%2Fmedia&parent=307261"}],"wp:term":[{"taxonomy":"category","embeddable":true,"href":"https:\/\/archive.sana.sy\/es\/index.php?rest_route=%2Fwp%2Fv2%2Fcategories&post=307261"},{"taxonomy":"post_tag","embeddable":true,"href":"https:\/\/archive.sana.sy\/es\/index.php?rest_route=%2Fwp%2Fv2%2Ftags&post=307261"}],"curies":[{"name":"wp","href":"https:\/\/api.w.org\/{rel}","templated":true}]}}