{"id":307270,"date":"2023-08-28T08:38:25","date_gmt":"2023-08-28T05:38:25","guid":{"rendered":"http:\/\/sana.sy\/es\/?p=307270"},"modified":"2023-08-28T08:39:41","modified_gmt":"2023-08-28T05:39:41","slug":"agresion-israeli-dana-pistas-de-aterrizaje-del-aeropuerto-de-alepo-y-lo-saca-de-servicio","status":"publish","type":"post","link":"https:\/\/archive.sana.sy\/es\/?p=307270","title":{"rendered":"Agresi\u00f3n israel\u00ed da\u00f1a pistas de aterrizaje del Aeropuerto de Alepo y lo saca de servicio"},"content":{"rendered":"<blockquote>\n<p style=\"text-align: justify;\"><span style=\"color: #800000;\">\u201cA las 04:30 am de este lunes, 28 de agosto, el enemigo israel\u00ed perpetr\u00f3 una agresi\u00f3n a\u00e9rea desde las aguas del mar mediterr\u00e1neo frente a las costas de la provincia siria de Latakia, contra el Aeropuerto de Alepo&#8221;, inform\u00f3 el ente castrense por medio de una nota enviada a SANA.<\/span><\/p>\n<\/blockquote>\n<p style=\"text-align: justify;\"><strong><span style=\"color: #800000;\">Alepo, 28 ago (SANA) <\/span><\/strong>El Ministerio de Defensa de Siria anunci\u00f3 hoy que el Aeropuerto Internacional en la provincia de Alepo en el norte del pa\u00eds qued\u00f3 fuera de servicio debido a una agresi\u00f3n israel\u00ed con misiles.<\/p>\n<p style=\"text-align: justify;\">\u201cA las 04:30 am de este lunes, 28 de agosto , el enemigo israel\u00ed perpetr\u00f3 una agresi\u00f3n a\u00e9rea desde las aguas del mar mediterr\u00e1neo frente a las costas de la provincia siria de Latakia, contra el Aeropuerto de Alepo&#8221;, inform\u00f3 el ente castrense por medio de una nota enviada a SANA.<\/p>\n<p style=\"text-align: justify;\">Agreg\u00f3 que la agresi\u00f3n caus\u00f3 da\u00f1os materiales en las pistas del aeropuerto y qued\u00f3 inoperativo.<\/p>\n<p style=\"text-align: justify;\">El d\u00eda primero de mayo pasado, el Ministerio de Defensa inform\u00f3 que el referido aeropuerto qued\u00f3 fuera de servicio tras un ataque israel\u00ed que dej\u00f3 un soldado muerto y cinco heridos.<\/p>\n<p style=\"text-align: justify;\">La misma instalaci\u00f3n qued\u00f3 fuera de servicio el d\u00eda 22 de marzo y el d\u00eda 7 del mismo mes debido a similares agresiones israel\u00edes con misiles.<\/p>\n<p style=\"text-align: justify;\"><strong>fm\/ws<\/strong><\/p>\n","protected":false},"excerpt":{"rendered":"<p>\u201cA las 04:30 am de este lunes, 28 de agosto, el enemigo israel\u00ed perpetr\u00f3 una agresi\u00f3n a\u00e9rea desde las aguas del mar mediterr\u00e1neo frente a las costas de la provincia siria de Latakia, contra el Aeropuerto de Alepo&#8221;, inform\u00f3 el ente castrense por medio de una nota enviada a SANA. Alepo, 28 ago (SANA) El &hellip;<\/p>\n","protected":false},"author":35,"featured_media":307271,"comment_status":"closed","ping_status":"closed","sticky":false,"template":"","format":"standard","meta":{"footnotes":""},"categories":[477,447,597,573,20724,476,583],"tags":[],"class_list":["post-307270","post","type-post","status-publish","format-standard","has-post-thumbnail","","category-noticias-edulcorantes","category-local-politica","category-cinta-de-noticias","category-la-realidad-de-los-acontecimientos-en-siria","category-minuto-a-minuto","category-locales","category-slide"],"_links":{"self":[{"href":"https:\/\/archive.sana.sy\/es\/index.php?rest_route=\/wp\/v2\/posts\/307270"}],"collection":[{"href":"https:\/\/archive.sana.sy\/es\/index.php?rest_route=\/wp\/v2\/posts"}],"about":[{"href":"https:\/\/archive.sana.sy\/es\/index.php?rest_route=\/wp\/v2\/types\/post"}],"author":[{"embeddable":true,"href":"https:\/\/archive.sana.sy\/es\/index.php?rest_route=\/wp\/v2\/users\/35"}],"replies":[{"embeddable":true,"href":"https:\/\/archive.sana.sy\/es\/index.php?rest_route=%2Fwp%2Fv2%2Fcomments&post=307270"}],"version-history":[{"count":3,"href":"https:\/\/archive.sana.sy\/es\/index.php?rest_route=\/wp\/v2\/posts\/307270\/revisions"}],"predecessor-version":[{"id":307274,"href":"https:\/\/archive.sana.sy\/es\/index.php?rest_route=\/wp\/v2\/posts\/307270\/revisions\/307274"}],"wp:featuredmedia":[{"embeddable":true,"href":"https:\/\/archive.sana.sy\/es\/index.php?rest_route=\/wp\/v2\/media\/307271"}],"wp:attachment":[{"href":"https:\/\/archive.sana.sy\/es\/index.php?rest_route=%2Fwp%2Fv2%2Fmedia&parent=307270"}],"wp:term":[{"taxonomy":"category","embeddable":true,"href":"https:\/\/archive.sana.sy\/es\/index.php?rest_route=%2Fwp%2Fv2%2Fcategories&post=307270"},{"taxonomy":"post_tag","embeddable":true,"href":"https:\/\/archive.sana.sy\/es\/index.php?rest_route=%2Fwp%2Fv2%2Ftags&post=307270"}],"curies":[{"name":"wp","href":"https:\/\/api.w.org\/{rel}","templated":true}]}}