{"id":30732,"date":"2015-09-29T18:20:11","date_gmt":"2015-09-29T15:20:11","guid":{"rendered":"http:\/\/sana.sy\/es\/?p=30732"},"modified":"2015-09-29T18:20:11","modified_gmt":"2015-09-29T15:20:11","slug":"peskov-washington-tiene-intencion-para-cooperar-con-rusia-en-la-resolucion-de-la-crisis-siria","status":"publish","type":"post","link":"https:\/\/archive.sana.sy\/es\/?p=30732","title":{"rendered":"Peskov: Washington tiene intenci\u00f3n para cooperar con Rusia en la resoluci\u00f3n de la crisis siria"},"content":{"rendered":"<p><span style=\"color: #800000\">Mosc\u00fa, SANA<\/span><\/p>\n<p>El portavoz de la Presidencia de la Federaci\u00f3n rusa, Dimtry Peskov anunci\u00f3 que Mosc\u00fa ve que Washington tiene una disposici\u00f3n para cooperar con Rusia en materia de resolver una serie de temas urgentes, entre los la crisis siria.<\/p>\n<p>En declaraciones a la prensa, publicadas por el canal ruso RT, Peskov resalt\u00f3 una cierta disposici\u00f3n de cooperaci\u00f3n para solventar las m\u00e1s urgentes crisis, tales como la siria.<\/p>\n<p>Peskov critic\u00f3 que el hecho de aislar a Rusia del tema sirio es il\u00f3gico ya que esta acci\u00f3n perjudicar\u00e1 el arreglo de la crisis en Siria, entre otras.<\/p>\n<p>Por otro lado, el vocero ruso expres\u00f3 la esperanza de Mosc\u00fa en incrementar el n\u00famero de los participantes en el centro de informaciones que se instal\u00f3 en Bagdad en el marco de la lucha contra la organizaci\u00f3n terrorista del Estado Isl\u00e1mico, citando al presidente Vladimir Putin diciendo que este centro no se trata de una estructura cerrada sino que abierta a todos.<\/p>\n<p>Peskov neg\u00f3 conocimiento de cualquier acci\u00f3n a\u00e9rea efectuada por la aviaci\u00f3n rusa contra posiciones de terrorista en Siria, agregando que lo m\u00e1s importante hoy en d\u00eda, respecto al curso sirio es el establecimiento de un mecanismo de coordinaci\u00f3n y de intercambio de informaciones.<\/p>\n<p>En este contexto, revel\u00f3 que el presidente ruso debati\u00f3 ayer con su hom\u00f3logo estadounidense el tema del intercambio de informaciones, subrayando que nuevas decisiones se adoptar\u00e1n de conformidad con la evoluci\u00f3n de la situaci\u00f3n.<\/p>\n<p>&nbsp;<\/p>\n<p>Lynn A.<\/p>\n","protected":false},"excerpt":{"rendered":"<p>Mosc\u00fa, SANA El portavoz de la Presidencia de la Federaci\u00f3n rusa, Dimtry Peskov anunci\u00f3 que Mosc\u00fa ve que Washington tiene una disposici\u00f3n para cooperar con Rusia en materia de resolver una serie de temas urgentes, entre los la crisis siria. En declaraciones a la prensa, publicadas por el canal ruso RT, Peskov resalt\u00f3 una cierta &hellip;<\/p>\n","protected":false},"author":24,"featured_media":30097,"comment_status":"closed","ping_status":"closed","sticky":false,"template":"","format":"standard","meta":{"footnotes":""},"categories":[456,457,576],"tags":[6817],"class_list":["post-30732","post","type-post","status-publish","format-standard","has-post-thumbnail","","category-arabe-internacional-politica","category-noticias-arabe-internacional-politica","category-noticias-politicas","tag-peskov-washington-tiene-intencion-para-cooperar-con-rusia-en-la-resolucion-de-la-crisis-siria"],"_links":{"self":[{"href":"https:\/\/archive.sana.sy\/es\/index.php?rest_route=\/wp\/v2\/posts\/30732"}],"collection":[{"href":"https:\/\/archive.sana.sy\/es\/index.php?rest_route=\/wp\/v2\/posts"}],"about":[{"href":"https:\/\/archive.sana.sy\/es\/index.php?rest_route=\/wp\/v2\/types\/post"}],"author":[{"embeddable":true,"href":"https:\/\/archive.sana.sy\/es\/index.php?rest_route=\/wp\/v2\/users\/24"}],"replies":[{"embeddable":true,"href":"https:\/\/archive.sana.sy\/es\/index.php?rest_route=%2Fwp%2Fv2%2Fcomments&post=30732"}],"version-history":[{"count":0,"href":"https:\/\/archive.sana.sy\/es\/index.php?rest_route=\/wp\/v2\/posts\/30732\/revisions"}],"wp:featuredmedia":[{"embeddable":true,"href":"https:\/\/archive.sana.sy\/es\/index.php?rest_route=\/wp\/v2\/media\/30097"}],"wp:attachment":[{"href":"https:\/\/archive.sana.sy\/es\/index.php?rest_route=%2Fwp%2Fv2%2Fmedia&parent=30732"}],"wp:term":[{"taxonomy":"category","embeddable":true,"href":"https:\/\/archive.sana.sy\/es\/index.php?rest_route=%2Fwp%2Fv2%2Fcategories&post=30732"},{"taxonomy":"post_tag","embeddable":true,"href":"https:\/\/archive.sana.sy\/es\/index.php?rest_route=%2Fwp%2Fv2%2Ftags&post=30732"}],"curies":[{"name":"wp","href":"https:\/\/api.w.org\/{rel}","templated":true}]}}