{"id":307431,"date":"2023-08-30T21:00:18","date_gmt":"2023-08-30T18:00:18","guid":{"rendered":"http:\/\/sana.sy\/es\/?p=307431"},"modified":"2023-08-30T21:12:44","modified_gmt":"2023-08-30T18:12:44","slug":"al-mekdad-occidente-no-quiere-relaciones-normales-entre-los-paises-arabes","status":"publish","type":"post","link":"https:\/\/archive.sana.sy\/es\/?p=307431","title":{"rendered":"Al-Mekdad: Occidente no quiere relaciones normales entre los pa\u00edses \u00e1rabes&#8230;Abdollahian: Ir\u00e1n seguir\u00e1 apoyando a Siria hasta que recupere la estabilidad"},"content":{"rendered":"<blockquote><p><span style=\"color: #993300\">\u201cOccidente no quiere relaciones normales entre los pa\u00edses \u00e1rabes y considera que el acercamiento entre los pa\u00edses de la regi\u00f3n es una amenaza a su existencia y sus intereses all\u00ed\u201d, resalt\u00f3 al-Mekdad<\/span><\/p><\/blockquote>\n<p style=\"text-align: justify\"><span style=\"color: #800000\"><strong>Damasco, 30 ago (SANA)<\/strong> <\/span>El ministro de Relaciones Exteriores y Expatriados, Faisal al-Mekdad, celebr\u00f3 esta noche una rueda de prensa con su hom\u00f3logo iran\u00ed, Hossein Amir Abdollahian.<\/p>\n<p style=\"text-align: justify\">El Canciller sirio revel\u00f3 haber mantenido con su hom\u00f3logo iran\u00ed largas conversaciones sobre una serie de temas, sobre todo las relaciones bilaterales, que \u201csiempre avanzan en una trayectoria positiva\u201d, y la implementaci\u00f3n de los acuerdos firmados durante la \u00faltima visita del presidente iran\u00ed a Damasco.<\/p>\n<p style=\"text-align: justify\">\u201cDiscutimos los desaf\u00edos que enfrentan nuestros pa\u00edses y la continuaci\u00f3n de las viejas y nuevas pol\u00edticas hostiles de Washington y Occidente contra nosotros, especialmente la inversi\u00f3n en el terrorismo para lograr objetivos pol\u00edticos conocidos por todos\u201d, subray\u00f3.<\/p>\n<p style=\"text-align: justify\">Al-Mekdad calific\u00f3 de \u201cher\u00f3ica\u201d la resistencia \u00a0de los pueblos sirio e iran\u00ed a todos los desaf\u00edos y conspiraciones occidentales.<\/p>\n<p style=\"text-align: justify\">Destac\u00f3 que las unidas posiciones de Siria e Ir\u00e1n contra las conspiraciones occidentales son capaces de lograr la victoria sobre estas mismas.<\/p>\n<p style=\"text-align: justify\">Asimismo, revel\u00f3 haber repasado con su par iran\u00ed la situaci\u00f3n en Palestina y el Gol\u00e1n sirio ocupado. \u201cDestacamos la importancia de la firmeza del pueblo palestino y de la poblaci\u00f3n del Gol\u00e1n sirio, y la inevitabilidad de su victoria sobre las pr\u00e1cticas brutales que comente las autoridades israel\u00edes a diario\u201d, marc\u00f3.<\/p>\n<p style=\"text-align: justify\">En el escenario internacional, el jefe de la diplomacia siria destac\u00f3 que la ampliaci\u00f3n del grupo BRICS contribuye a reforzar la multipolaridad, que demuestra cada vez ser la \u00fanica soluci\u00f3n a los problemas que enfrenta el mundo hoy.<\/p>\n<p style=\"text-align: justify\">En cuanto a las \u00faltimas amenazas estadounidenses , al-Mekdad \u00a0coment\u00f3 que el objetivo de la movilizaci\u00f3n de los militares estadounidenses en la frontera sirio-iraqu\u00ed es presionar al Estado sirio para que abandone sus posiciones, sin embargo lo cual no logr\u00f3 su meta.<\/p>\n<p style=\"text-align: justify\">Explic\u00f3 que Iraq ha confirmado en varias ocasiones que no permitir\u00e1 ninguna agresi\u00f3n desde su territorio contra Siria. \u201cAplaudimos esta posici\u00f3n y confiamos en que no permitir\u00e1 que Estados Unidos ni su supuesta alianza influyan las relaciones sirio-iraqu\u00edes\u201d, dijo.<\/p>\n<p style=\"text-align: justify\">Se\u00f1al\u00f3 que Washington no es capaz de cumplir sus amenazas, y si quiere implementar lo que se escuch\u00f3 a trav\u00e9s de los medios de comunicaci\u00f3n, \u201ctiene primero que hacer cara a la firmeza de Siria\u201d.<\/p>\n<p style=\"text-align: justify\">En cuanto a\u00a0 las relaciones de los pa\u00edses\u00a0 \u00e1rabe con Siria, al-Mekdad destac\u00f3 Estados Unidos est\u00e1 ejerciendo presi\u00f3n para impedir la implementaci\u00f3n de lo acordado en la Cumbre de Yedah, y expres\u00f3 su confianza en el fracaso de estos intentos de Washington.<\/p>\n<p style=\"text-align: justify\">\u201cOccidente no quiere relaciones normales entre los pa\u00edses \u00e1rabes y considera que el acercamiento entre los pa\u00edses de la regi\u00f3n es una amenaza a su existencia y sus intereses all\u00ed\u201d, enfatiz\u00f3.<\/p>\n<p style=\"text-align: justify\">Respecto a las relaciones sirio-turas, el Canciller hizo hincapi\u00e9 en que \u201cla retirada completa de las fuerzas turcas de todas las tierras sirias es una condici\u00f3n esencial para normalizar las relaciones entre los dos pa\u00edses vecinos.<\/p>\n<p><span style=\"color: #0000ff\">Abdollahian: Los soldados estadounidenses deben regresar de donde vinieron y afirmamos que ninguna parte puede cortar las carreteras que conectan los pa\u00edses de la regi\u00f3n<\/span><\/p>\n<p style=\"text-align: justify\">Por su parte, el canciller Abdollahian reiter\u00f3 que su pa\u00eds seguir\u00e1 brindando apoyo a Siria, liderazgo, ej\u00e9rcito y pueblo, hasta que recupere la estabilidad y prosperidad.<\/p>\n<p style=\"text-align: justify\">En este contexto, revel\u00f3 se celebrar\u00e1n pronto en Teher\u00e1n las reuniones de la Comisi\u00f3n mixta sirio-iran\u00ed encabezada por el Vicepresidente iran\u00ed y el Primer Ministro sirio.<\/p>\n<p style=\"text-align: justify\">El jefe de la diplomacia iran\u00ed conden\u00f3 en\u00e9rgicamente las agresiones israel\u00edes contra el territorio sirio, la m\u00e1s reciente de las cuales se produjo contra el Aeropuerto Internacional de Alepo. \u201cConfirmo que ninguna pr\u00e1ctica criminal ni agresi\u00f3n por parte de la entidad israel\u00ed ha quedado ni quedar\u00e1 sin respuesta\u201d, asever\u00f3.<\/p>\n<p style=\"text-align: justify\">El ministro iran\u00ed se\u00f1al\u00f3 haber repasado con su par sirio la continuaci\u00f3n de la lucha contra el terrorismo, las pr\u00e1cticas estadounidenses para reorganizar los grupos terroristas y la presencia ilegal de las fuerzas estadounidenses en el territorio sirio.<\/p>\n<p style=\"text-align: justify\">\u201cEstados Unidos debe dejar de perjudicar a los pueblos de la regi\u00f3n, aconsejamos a los soldados estadounidenses que regresen de donde vinieron y afirmamos que ninguna parte puede cortar las carreteras que conectan los pa\u00edses de la regi\u00f3n\u201d, resalt\u00f3.<\/p>\n<p style=\"text-align: justify\">En otro contexto, destac\u00f3 que el establecimiento de relaciones entre Siria y Turqu\u00eda sobre la base de la buena vecindad y el respeto a la soberan\u00eda siria contribuir\u00e1 a crear un ambiente positivo en la regi\u00f3n<\/p>\n<p style=\"text-align: justify\">\u201cSiria es un pa\u00eds muy importante en la regi\u00f3n y ninguna parte puede ignorarlo, y estamos satisfechos con el regreso de las relaciones normales entre este pa\u00eds y los pa\u00edses \u00e1rabes\u201d, dijo.<\/p>\n<p style=\"text-align: justify\">la<\/p>\n","protected":false},"excerpt":{"rendered":"<p>\u201cOccidente no quiere relaciones normales entre los pa\u00edses \u00e1rabes y considera que el acercamiento entre los pa\u00edses de la regi\u00f3n es una amenaza a su existencia y sus intereses all\u00ed\u201d, resalt\u00f3 al-Mekdad Damasco, 30 ago (SANA) El ministro de Relaciones Exteriores y Expatriados, Faisal al-Mekdad, celebr\u00f3 esta noche una rueda de prensa con su hom\u00f3logo &hellip;<\/p>\n","protected":false},"author":24,"featured_media":307432,"comment_status":"closed","ping_status":"closed","sticky":false,"template":"","format":"standard","meta":{"footnotes":""},"categories":[447,597,20724,448,467,583],"tags":[],"class_list":["post-307431","post","type-post","status-publish","format-standard","has-post-thumbnail","","category-local-politica","category-cinta-de-noticias","category-minuto-a-minuto","category-noticias","category-siria-y-el-mundo","category-slide"],"_links":{"self":[{"href":"https:\/\/archive.sana.sy\/es\/index.php?rest_route=\/wp\/v2\/posts\/307431"}],"collection":[{"href":"https:\/\/archive.sana.sy\/es\/index.php?rest_route=\/wp\/v2\/posts"}],"about":[{"href":"https:\/\/archive.sana.sy\/es\/index.php?rest_route=\/wp\/v2\/types\/post"}],"author":[{"embeddable":true,"href":"https:\/\/archive.sana.sy\/es\/index.php?rest_route=\/wp\/v2\/users\/24"}],"replies":[{"embeddable":true,"href":"https:\/\/archive.sana.sy\/es\/index.php?rest_route=%2Fwp%2Fv2%2Fcomments&post=307431"}],"version-history":[{"count":5,"href":"https:\/\/archive.sana.sy\/es\/index.php?rest_route=\/wp\/v2\/posts\/307431\/revisions"}],"predecessor-version":[{"id":307437,"href":"https:\/\/archive.sana.sy\/es\/index.php?rest_route=\/wp\/v2\/posts\/307431\/revisions\/307437"}],"wp:featuredmedia":[{"embeddable":true,"href":"https:\/\/archive.sana.sy\/es\/index.php?rest_route=\/wp\/v2\/media\/307432"}],"wp:attachment":[{"href":"https:\/\/archive.sana.sy\/es\/index.php?rest_route=%2Fwp%2Fv2%2Fmedia&parent=307431"}],"wp:term":[{"taxonomy":"category","embeddable":true,"href":"https:\/\/archive.sana.sy\/es\/index.php?rest_route=%2Fwp%2Fv2%2Fcategories&post=307431"},{"taxonomy":"post_tag","embeddable":true,"href":"https:\/\/archive.sana.sy\/es\/index.php?rest_route=%2Fwp%2Fv2%2Ftags&post=307431"}],"curies":[{"name":"wp","href":"https:\/\/api.w.org\/{rel}","templated":true}]}}