{"id":30749,"date":"2015-09-30T13:26:46","date_gmt":"2015-09-30T10:26:46","guid":{"rendered":"http:\/\/sana.sy\/es\/?p=30749"},"modified":"2015-09-30T13:26:46","modified_gmt":"2015-09-30T10:26:46","slug":"casa-blanca-anuncia-suspension-del-programa-de-entrenamiento-de-terroristas-sirios","status":"publish","type":"post","link":"https:\/\/archive.sana.sy\/es\/?p=30749","title":{"rendered":"Casa Blanca anuncia suspensi\u00f3n del programa de entrenamiento de terroristas sirios"},"content":{"rendered":"<p><span style=\"color: #800000\">Washington, SANA<\/span><\/p>\n<p>La Casa Blanca anunci\u00f3 la suspensi\u00f3n del programa de entrenamiento de rebeldes sirios opuestos al Estado Isl\u00e1mico por &#8220;no haber satisfecho las expectativas&#8221;.<\/p>\n<p>El portavoz de la Casa Blanca, Josh Earnest, dijo en una entrevista con la cadena MSNBC, que &#8220;el programa no funcion\u00f3 con la eficacia que esper\u00e1bamos&#8221;.<\/p>\n<p>Tambi\u00e9n agreg\u00f3 que &#8220;muchos, incluidos aquellos que nos criticaban, creyeron que estos programas de preparaci\u00f3n y armamento pod\u00edan ser clave para conseguir \u00e9xitos en Siria; tambi\u00e9n ellos se equivocaron&#8221;.<\/p>\n<p><span style=\"color: #00ccff\">Fady M., Hala B.<\/span><\/p>\n","protected":false},"excerpt":{"rendered":"<p>Washington, SANA La Casa Blanca anunci\u00f3 la suspensi\u00f3n del programa de entrenamiento de rebeldes sirios opuestos al Estado Isl\u00e1mico por &#8220;no haber satisfecho las expectativas&#8221;. El portavoz de la Casa Blanca, Josh Earnest, dijo en una entrevista con la cadena MSNBC, que &#8220;el programa no funcion\u00f3 con la eficacia que esper\u00e1bamos&#8221;. Tambi\u00e9n agreg\u00f3 que &#8220;muchos, &hellip;<\/p>\n","protected":false},"author":1,"featured_media":30763,"comment_status":"closed","ping_status":"closed","sticky":false,"template":"","format":"standard","meta":{"footnotes":""},"categories":[456,457,576],"tags":[],"class_list":["post-30749","post","type-post","status-publish","format-standard","has-post-thumbnail","","category-arabe-internacional-politica","category-noticias-arabe-internacional-politica","category-noticias-politicas"],"_links":{"self":[{"href":"https:\/\/archive.sana.sy\/es\/index.php?rest_route=\/wp\/v2\/posts\/30749"}],"collection":[{"href":"https:\/\/archive.sana.sy\/es\/index.php?rest_route=\/wp\/v2\/posts"}],"about":[{"href":"https:\/\/archive.sana.sy\/es\/index.php?rest_route=\/wp\/v2\/types\/post"}],"author":[{"embeddable":true,"href":"https:\/\/archive.sana.sy\/es\/index.php?rest_route=\/wp\/v2\/users\/1"}],"replies":[{"embeddable":true,"href":"https:\/\/archive.sana.sy\/es\/index.php?rest_route=%2Fwp%2Fv2%2Fcomments&post=30749"}],"version-history":[{"count":0,"href":"https:\/\/archive.sana.sy\/es\/index.php?rest_route=\/wp\/v2\/posts\/30749\/revisions"}],"wp:featuredmedia":[{"embeddable":true,"href":"https:\/\/archive.sana.sy\/es\/index.php?rest_route=\/wp\/v2\/media\/30763"}],"wp:attachment":[{"href":"https:\/\/archive.sana.sy\/es\/index.php?rest_route=%2Fwp%2Fv2%2Fmedia&parent=30749"}],"wp:term":[{"taxonomy":"category","embeddable":true,"href":"https:\/\/archive.sana.sy\/es\/index.php?rest_route=%2Fwp%2Fv2%2Fcategories&post=30749"},{"taxonomy":"post_tag","embeddable":true,"href":"https:\/\/archive.sana.sy\/es\/index.php?rest_route=%2Fwp%2Fv2%2Ftags&post=30749"}],"curies":[{"name":"wp","href":"https:\/\/api.w.org\/{rel}","templated":true}]}}