{"id":307492,"date":"2023-08-31T13:26:17","date_gmt":"2023-08-31T10:26:17","guid":{"rendered":"https:\/\/sana.sy\/es\/?p=307492"},"modified":"2023-08-31T13:49:35","modified_gmt":"2023-08-31T10:49:35","slug":"al-assad-recibe-a-abdollahian-y-reafirma-inevitabilidad-de-la-retirada-turca-como-condicion-para-normalizar-nexos-entre-damasco-y-ankara","status":"publish","type":"post","link":"https:\/\/archive.sana.sy\/es\/?p=307492","title":{"rendered":"Al-Assad recibe a Abdollahian, y reafirma inevitabilidad de la retirada turca como condici\u00f3n para normalizar nexos entre Damasco y Ankara"},"content":{"rendered":"<blockquote>\n<p style=\"text-align: justify;\"><span style=\"color: #993300;\">&#8220;Lo que el mundo est\u00e1 presenciando en la actualidad demuestra que nuestras pol\u00edticas eran ciertas y sanas respecto a las cuestiones que hemos defendidos, dijo el mandatario durante el encuentro.<\/span><\/p>\n<\/blockquote>\n<p style=\"text-align: justify;\"><span style=\"color: #800000;\"><strong>Damasco, 31 ago (SANA)<\/strong><\/span> El presidente Bashar Al-Assad, recibi\u00f3 hoy en esta capital, al ministro de Asuntos Exteriores iran\u00ed, Hossein Amir Abdollahian.<\/p>\n<p style=\"text-align: justify;\">&#8220;Lo que el mundo est\u00e1 presenciando en la actualidad demuestra que nuestras pol\u00edticas eran ciertas y sanas respecto a las cuestiones que hemos defendidos, dijo el mandatario durante el encuentro.<\/p>\n<p style=\"text-align: justify;\">Agreg\u00f3 que el panorama internacional se ha vuelto m\u00e1s claro debido a los acontecimientos y cambios que tienen lugar en el mundo, lo cual hizo que tengamos m\u00e1s confianza en nuestro enfoque.<img loading=\"lazy\" decoding=\"async\" class=\"size-medium wp-image-307497 alignright\" src=\"http:\/\/sana.sy\/es\/wp-content\/uploads\/2023\/08\/nnnnn-300x143.jpg\" alt=\"\" width=\"300\" height=\"143\" srcset=\"https:\/\/archive.sana.sy\/es\/wp-content\/uploads\/2023\/08\/nnnnn-300x143.jpg 300w, https:\/\/archive.sana.sy\/es\/wp-content\/uploads\/2023\/08\/nnnnn-150x71.jpg 150w, https:\/\/archive.sana.sy\/es\/wp-content\/uploads\/2023\/08\/nnnnn.jpg 600w\" sizes=\"(max-width: 300px) 100vw, 300px\" \/><\/p>\n<p style=\"text-align: justify;\">Al-Assad y Abdullahian abordaron las relaciones bilaterales, la situaci\u00f3n en la regi\u00f3n y los esfuerzos relacionados con el regreso de los refugiados sirios a su pa\u00eds, adem\u00e1s de la inevitabilidad de la retirada turca del territorio sirio como una necesidad y condici\u00f3n para el retorno de las relaciones normales entre Damasco y Ankara.<\/p>\n<p style=\"text-align: justify;\">Afirm\u00f3 que la sana relaci\u00f3n entre Ir\u00e1n y los pa\u00edses \u00e1rabes contribuye a la estabilidad y prosperidad de la regi\u00f3n.<\/p>\n<p style=\"text-align: justify;\">Por su parte, el canciller iran\u00ed subray\u00f3 la necesidad de respetar la soberan\u00eda e integridad territorial de Siria, y la importancia de fortalecer las relaciones bilaterales entre los dos pa\u00edses.<\/p>\n<div id='gallery-1' class='gallery galleryid-307492 gallery-columns-1 gallery-size-full'><figure class='gallery-item'>\n\t\t\t<div class='gallery-icon landscape'>\n\t\t\t\t<a href='https:\/\/archive.sana.sy\/es\/wp-content\/uploads\/2023\/08\/30-4.jpg'><img loading=\"lazy\" decoding=\"async\" width=\"660\" height=\"314\" src=\"https:\/\/archive.sana.sy\/es\/wp-content\/uploads\/2023\/08\/30-4.jpg\" class=\"attachment-full size-full\" alt=\"\" srcset=\"https:\/\/archive.sana.sy\/es\/wp-content\/uploads\/2023\/08\/30-4.jpg 660w, https:\/\/archive.sana.sy\/es\/wp-content\/uploads\/2023\/08\/30-4-300x143.jpg 300w, https:\/\/archive.sana.sy\/es\/wp-content\/uploads\/2023\/08\/30-4-150x71.jpg 150w\" sizes=\"(max-width: 660px) 100vw, 660px\" \/><\/a>\n\t\t\t<\/div><\/figure>\n\t\t<\/div>\n\n<p style=\"text-align: justify;\">fm\/as<\/p>\n","protected":false},"excerpt":{"rendered":"<p>&#8220;Lo que el mundo est\u00e1 presenciando en la actualidad demuestra que nuestras pol\u00edticas eran ciertas y sanas respecto a las cuestiones que hemos defendidos, dijo el mandatario durante el encuentro. Damasco, 31 ago (SANA) El presidente Bashar Al-Assad, recibi\u00f3 hoy en esta capital, al ministro de Asuntos Exteriores iran\u00ed, Hossein Amir Abdollahian. &#8220;Lo que el &hellip;<\/p>\n","protected":false},"author":42,"featured_media":307500,"comment_status":"closed","ping_status":"closed","sticky":false,"template":"","format":"standard","meta":{"footnotes":""},"categories":[597,20724,16237,583,626],"tags":[],"class_list":["post-307492","post","type-post","status-publish","format-standard","has-post-thumbnail","","category-cinta-de-noticias","category-minuto-a-minuto","category-presidence-de-la-republique-arabe-syria","category-slide","category-sr-presidente"],"_links":{"self":[{"href":"https:\/\/archive.sana.sy\/es\/index.php?rest_route=\/wp\/v2\/posts\/307492"}],"collection":[{"href":"https:\/\/archive.sana.sy\/es\/index.php?rest_route=\/wp\/v2\/posts"}],"about":[{"href":"https:\/\/archive.sana.sy\/es\/index.php?rest_route=\/wp\/v2\/types\/post"}],"author":[{"embeddable":true,"href":"https:\/\/archive.sana.sy\/es\/index.php?rest_route=\/wp\/v2\/users\/42"}],"replies":[{"embeddable":true,"href":"https:\/\/archive.sana.sy\/es\/index.php?rest_route=%2Fwp%2Fv2%2Fcomments&post=307492"}],"version-history":[{"count":5,"href":"https:\/\/archive.sana.sy\/es\/index.php?rest_route=\/wp\/v2\/posts\/307492\/revisions"}],"predecessor-version":[{"id":307501,"href":"https:\/\/archive.sana.sy\/es\/index.php?rest_route=\/wp\/v2\/posts\/307492\/revisions\/307501"}],"wp:featuredmedia":[{"embeddable":true,"href":"https:\/\/archive.sana.sy\/es\/index.php?rest_route=\/wp\/v2\/media\/307500"}],"wp:attachment":[{"href":"https:\/\/archive.sana.sy\/es\/index.php?rest_route=%2Fwp%2Fv2%2Fmedia&parent=307492"}],"wp:term":[{"taxonomy":"category","embeddable":true,"href":"https:\/\/archive.sana.sy\/es\/index.php?rest_route=%2Fwp%2Fv2%2Fcategories&post=307492"},{"taxonomy":"post_tag","embeddable":true,"href":"https:\/\/archive.sana.sy\/es\/index.php?rest_route=%2Fwp%2Fv2%2Ftags&post=307492"}],"curies":[{"name":"wp","href":"https:\/\/api.w.org\/{rel}","templated":true}]}}