{"id":30756,"date":"2015-09-30T12:30:12","date_gmt":"2015-09-30T09:30:12","guid":{"rendered":"http:\/\/sana.sy\/es\/?p=30756"},"modified":"2015-09-30T13:22:02","modified_gmt":"2015-09-30T10:22:02","slug":"maduro-la-humanidad-tiene-que-estar-con-siria-para-la-estabilidad-de-la-region","status":"publish","type":"post","link":"https:\/\/archive.sana.sy\/es\/?p=30756","title":{"rendered":"Maduro: la humanidad tiene que estar con Siria para la estabilidad de la regi\u00f3n"},"content":{"rendered":"<p><span style=\"color: #800000\">Nueva York\u060c SANA<\/span><\/p>\n<p>Durante su discurso en la Asamblea General de la ONU, el presidente de Venezuela, Nicol\u00e1s Maduro, afirm\u00f3 que &#8220;el mundo necesita otras Naciones Unidas&#8221;.<\/p>\n<p>El mandatario abord\u00f3 &#8220;la tragedia humanitaria en Siria&#8221; e inst\u00f3 a la comunidad internacional a &#8220;despertar frente al drama sirio&#8221;.<\/p>\n<p>El l\u00edder de Venezuela indic\u00f3 que la humanidad tiene que estar con Siria para la estabilidad de esa regi\u00f3n y denunci\u00f3 &#8220;los m\u00e9todos intervencionistas para sembrar la guerra y el terror en otros pueblos&#8221;.<\/p>\n<p>&#8220;Los que montaron la guerra de Irak han hecho fracasar la pol\u00edtica internacional a trav\u00e9s de la guerra&#8221;, ha dicho Maduro.<\/p>\n<p>El presidente del pa\u00eds latinoamericano enfatiz\u00f3 que se debe reconocer los errores tr\u00e1gicos al invadir y bombardear a otros pueblos.<\/p>\n<p>El jefe de Estado tambi\u00e9n inst\u00f3 a desarrollar en el mundo una geopol\u00edtica de respeto agregando que &#8220;la humanidad necesita un nuevo mundo&#8221;.<\/p>\n<p>En la celebraci\u00f3n de la Asamblea General est\u00e1n presentes 154 jefes de Estado y de Gobierno, adem\u00e1s de 30 ministros.<\/p>\n<p><span style=\"color: #3366ff\">Fady M., Hala B.<\/span><\/p>\n","protected":false},"excerpt":{"rendered":"<p>Nueva York\u060c SANA Durante su discurso en la Asamblea General de la ONU, el presidente de Venezuela, Nicol\u00e1s Maduro, afirm\u00f3 que &#8220;el mundo necesita otras Naciones Unidas&#8221;. El mandatario abord\u00f3 &#8220;la tragedia humanitaria en Siria&#8221; e inst\u00f3 a la comunidad internacional a &#8220;despertar frente al drama sirio&#8221;. El l\u00edder de Venezuela indic\u00f3 que la humanidad &hellip;<\/p>\n","protected":false},"author":1,"featured_media":30757,"comment_status":"closed","ping_status":"closed","sticky":false,"template":"","format":"standard","meta":{"footnotes":""},"categories":[456,457,576],"tags":[6822],"class_list":["post-30756","post","type-post","status-publish","format-standard","has-post-thumbnail","","category-arabe-internacional-politica","category-noticias-arabe-internacional-politica","category-noticias-politicas","tag-maduro-la-humanidad-tiene-que-estar-con-siria-para-la-estabilidad-de-la-region"],"_links":{"self":[{"href":"https:\/\/archive.sana.sy\/es\/index.php?rest_route=\/wp\/v2\/posts\/30756"}],"collection":[{"href":"https:\/\/archive.sana.sy\/es\/index.php?rest_route=\/wp\/v2\/posts"}],"about":[{"href":"https:\/\/archive.sana.sy\/es\/index.php?rest_route=\/wp\/v2\/types\/post"}],"author":[{"embeddable":true,"href":"https:\/\/archive.sana.sy\/es\/index.php?rest_route=\/wp\/v2\/users\/1"}],"replies":[{"embeddable":true,"href":"https:\/\/archive.sana.sy\/es\/index.php?rest_route=%2Fwp%2Fv2%2Fcomments&post=30756"}],"version-history":[{"count":0,"href":"https:\/\/archive.sana.sy\/es\/index.php?rest_route=\/wp\/v2\/posts\/30756\/revisions"}],"wp:featuredmedia":[{"embeddable":true,"href":"https:\/\/archive.sana.sy\/es\/index.php?rest_route=\/wp\/v2\/media\/30757"}],"wp:attachment":[{"href":"https:\/\/archive.sana.sy\/es\/index.php?rest_route=%2Fwp%2Fv2%2Fmedia&parent=30756"}],"wp:term":[{"taxonomy":"category","embeddable":true,"href":"https:\/\/archive.sana.sy\/es\/index.php?rest_route=%2Fwp%2Fv2%2Fcategories&post=30756"},{"taxonomy":"post_tag","embeddable":true,"href":"https:\/\/archive.sana.sy\/es\/index.php?rest_route=%2Fwp%2Fv2%2Ftags&post=30756"}],"curies":[{"name":"wp","href":"https:\/\/api.w.org\/{rel}","templated":true}]}}