{"id":307571,"date":"2023-09-01T15:50:49","date_gmt":"2023-09-01T12:50:49","guid":{"rendered":"http:\/\/sana.sy\/es\/?p=307571"},"modified":"2023-09-01T15:53:15","modified_gmt":"2023-09-01T12:53:15","slug":"presidente-del-parlamento-libanes-ratifica-apoyo-de-su-pais-a-siria","status":"publish","type":"post","link":"https:\/\/archive.sana.sy\/es\/?p=307571","title":{"rendered":"Presidente del parlamento liban\u00e9s ratifica apoyo de su pa\u00eds a Siria"},"content":{"rendered":"<p style=\"text-align: justify;\"><span style=\"color: #800000;\"><strong>Beirut, 01 sep (SANA)\u00a0<\/strong> <\/span>\u00a0El presidente del Parlamento liban\u00e9s, Nabih Berri, ratific\u00f3 las relaciones fraternales entre los dos pa\u00edses hermanos, Siria y el L\u00edbano.<\/p>\n<p style=\"text-align: justify;\">&#8220;Afirmamos nuestra posici\u00f3n de apoyo a Siria en su lucha para enfrentar el terrorismo dual israel\u00ed y takfiri, y para restaurar su integridad y soberan\u00eda sobre todo el territorio nacional y su derecho a invertir su riqueza&#8221;, dijo el titular liban\u00e9s en un discurso.<\/p>\n<p style=\"text-align: justify;\">Asimismo, elogi\u00f3 los buenos esfuerzos de algunos pa\u00edses \u00e1rabes que dieron como resultado el regreso de Siria a la Liga \u00c1rabe.<\/p>\n<p style=\"text-align: justify;\">sm<\/p>\n","protected":false},"excerpt":{"rendered":"<p>Beirut, 01 sep (SANA)\u00a0 \u00a0El presidente del Parlamento liban\u00e9s, Nabih Berri, ratific\u00f3 las relaciones fraternales entre los dos pa\u00edses hermanos, Siria y el L\u00edbano. &#8220;Afirmamos nuestra posici\u00f3n de apoyo a Siria en su lucha para enfrentar el terrorismo dual israel\u00ed y takfiri, y para restaurar su integridad y soberan\u00eda sobre todo el territorio nacional y &hellip;<\/p>\n","protected":false},"author":39,"featured_media":307572,"comment_status":"closed","ping_status":"closed","sticky":false,"template":"","format":"standard","meta":{"footnotes":""},"categories":[597,20724,467,7541],"tags":[],"class_list":["post-307571","post","type-post","status-publish","format-standard","has-post-thumbnail","","category-cinta-de-noticias","category-minuto-a-minuto","category-siria-y-el-mundo","category-ultimas-noticias"],"_links":{"self":[{"href":"https:\/\/archive.sana.sy\/es\/index.php?rest_route=\/wp\/v2\/posts\/307571"}],"collection":[{"href":"https:\/\/archive.sana.sy\/es\/index.php?rest_route=\/wp\/v2\/posts"}],"about":[{"href":"https:\/\/archive.sana.sy\/es\/index.php?rest_route=\/wp\/v2\/types\/post"}],"author":[{"embeddable":true,"href":"https:\/\/archive.sana.sy\/es\/index.php?rest_route=\/wp\/v2\/users\/39"}],"replies":[{"embeddable":true,"href":"https:\/\/archive.sana.sy\/es\/index.php?rest_route=%2Fwp%2Fv2%2Fcomments&post=307571"}],"version-history":[{"count":2,"href":"https:\/\/archive.sana.sy\/es\/index.php?rest_route=\/wp\/v2\/posts\/307571\/revisions"}],"predecessor-version":[{"id":307574,"href":"https:\/\/archive.sana.sy\/es\/index.php?rest_route=\/wp\/v2\/posts\/307571\/revisions\/307574"}],"wp:featuredmedia":[{"embeddable":true,"href":"https:\/\/archive.sana.sy\/es\/index.php?rest_route=\/wp\/v2\/media\/307572"}],"wp:attachment":[{"href":"https:\/\/archive.sana.sy\/es\/index.php?rest_route=%2Fwp%2Fv2%2Fmedia&parent=307571"}],"wp:term":[{"taxonomy":"category","embeddable":true,"href":"https:\/\/archive.sana.sy\/es\/index.php?rest_route=%2Fwp%2Fv2%2Fcategories&post=307571"},{"taxonomy":"post_tag","embeddable":true,"href":"https:\/\/archive.sana.sy\/es\/index.php?rest_route=%2Fwp%2Fv2%2Ftags&post=307571"}],"curies":[{"name":"wp","href":"https:\/\/api.w.org\/{rel}","templated":true}]}}