{"id":307579,"date":"2023-09-01T16:43:48","date_gmt":"2023-09-01T13:43:48","guid":{"rendered":"http:\/\/sana.sy\/es\/?p=307579"},"modified":"2023-09-01T16:55:29","modified_gmt":"2023-09-01T13:55:29","slug":"burkina-faso-y-rusia-por-un-aumento-de-colaboracion","status":"publish","type":"post","link":"https:\/\/archive.sana.sy\/es\/?p=307579","title":{"rendered":"Burkina Faso y Rusia por un aumento de colaboraci\u00f3n"},"content":{"rendered":"<blockquote>\n<p style=\"text-align: justify;\"><span style=\"color: #993300;\">Existe un gran intereses por parte de autoridades de pa\u00edses africanos en un acercamiento con Rusia, pa\u00eds que cancelara gran parte de la cuota de la deuda externa de muchas naciones el continente y tambi\u00e9n otorg\u00f3 ayuda en t\u00e9rminos materiales mediante la entrega de trigo.<\/span><\/p>\n<\/blockquote>\n<p style=\"text-align: justify;\"><strong><span style=\"color: #800000;\">Ouagadougou, 1 sep (SANA)<\/span>\u00a0 \u00a0<\/strong>El presidente burkin\u00e9s, Ibrahim Traor\u00e9, recibi\u00f3 al viceministro ruso de Defensa, Yunus-Bek Evk\u00farov, inform\u00f3 un comunicado de la Presidencia burkinesa.<\/p>\n<p style=\"text-align: justify;\">Agreg\u00f3 que la reuni\u00f3n es una continuaci\u00f3n de las conversaciones sostenidas durante la cumbre Rusia-\u00c1frica celebrada el pasado julio en la ciudad rusa de San Petersburgo.<\/p>\n<p style=\"text-align: justify;\">La nota a\u00f1ade que estos temas incluyen la cooperaci\u00f3n militar y t\u00e9cnica, pero tambi\u00e9n en el \u00e1mbito de la econom\u00eda, la energ\u00eda nuclear y otras.<\/p>\n<p style=\"text-align: justify;\">Por su parte, el viceministro ruso manifest\u00f3 el apoyo de su pa\u00eds a la transici\u00f3n y al pueblo burkin\u00e9s en todos los sectores del desarrollo, agrega el comunicado.<\/p>\n<p style=\"text-align: justify;\"><img loading=\"lazy\" decoding=\"async\" class=\"size-medium wp-image-307581 alignright\" src=\"http:\/\/sana.sy\/es\/wp-content\/uploads\/2023\/09\/Burkina-Faso-y-Rusia-por-un-aumento-de-colaboracion-3-300x225.jpg\" alt=\"\" width=\"300\" height=\"225\" srcset=\"https:\/\/archive.sana.sy\/es\/wp-content\/uploads\/2023\/09\/Burkina-Faso-y-Rusia-por-un-aumento-de-colaboracion-3-300x225.jpg 300w, https:\/\/archive.sana.sy\/es\/wp-content\/uploads\/2023\/09\/Burkina-Faso-y-Rusia-por-un-aumento-de-colaboracion-3-1024x768.jpg 1024w, https:\/\/archive.sana.sy\/es\/wp-content\/uploads\/2023\/09\/Burkina-Faso-y-Rusia-por-un-aumento-de-colaboracion-3-150x113.jpg 150w, https:\/\/archive.sana.sy\/es\/wp-content\/uploads\/2023\/09\/Burkina-Faso-y-Rusia-por-un-aumento-de-colaboracion-3-768x576.jpg 768w, https:\/\/archive.sana.sy\/es\/wp-content\/uploads\/2023\/09\/Burkina-Faso-y-Rusia-por-un-aumento-de-colaboracion-3.jpg 1200w\" sizes=\"(max-width: 300px) 100vw, 300px\" \/><\/p>\n<p style=\"text-align: justify;\">Para observadores pol\u00edticos citados por Prensa Latina, existe un gran intereses por parte de autoridades de pa\u00edses africanos en un acercamiento con Rusia, pa\u00eds que cancelara gran parte de la cuota de la deuda externa de muchas naciones el continente y tambi\u00e9n otorg\u00f3 ayuda en t\u00e9rminos materiales mediante la entrega de trigo.<\/p>\n<p style=\"text-align: justify;\">En este sentido, -recalcan hoy analistas- la pol\u00edtica internacional de Rusia se basa m\u00e1s en la solidaridad y ayuda, en contraposici\u00f3n a los procesos colonizadores, y con su aporte, la regi\u00f3n gana soberan\u00eda frente al ocaso del colonialismo franc\u00e9s.<\/p>\n<p style=\"text-align: justify;\">fm\/sm<\/p>\n","protected":false},"excerpt":{"rendered":"<p>Existe un gran intereses por parte de autoridades de pa\u00edses africanos en un acercamiento con Rusia, pa\u00eds que cancelara gran parte de la cuota de la deuda externa de muchas naciones el continente y tambi\u00e9n otorg\u00f3 ayuda en t\u00e9rminos materiales mediante la entrega de trigo. Ouagadougou, 1 sep (SANA)\u00a0 \u00a0El presidente burkin\u00e9s, Ibrahim Traor\u00e9, recibi\u00f3 &hellip;<\/p>\n","protected":false},"author":39,"featured_media":307584,"comment_status":"closed","ping_status":"closed","sticky":false,"template":"","format":"standard","meta":{"footnotes":""},"categories":[597,456,16687,20724,7541],"tags":[],"class_list":["post-307579","post","type-post","status-publish","format-standard","has-post-thumbnail","","category-cinta-de-noticias","category-arabe-internacional-politica","category-internacionales","category-minuto-a-minuto","category-ultimas-noticias"],"_links":{"self":[{"href":"https:\/\/archive.sana.sy\/es\/index.php?rest_route=\/wp\/v2\/posts\/307579"}],"collection":[{"href":"https:\/\/archive.sana.sy\/es\/index.php?rest_route=\/wp\/v2\/posts"}],"about":[{"href":"https:\/\/archive.sana.sy\/es\/index.php?rest_route=\/wp\/v2\/types\/post"}],"author":[{"embeddable":true,"href":"https:\/\/archive.sana.sy\/es\/index.php?rest_route=\/wp\/v2\/users\/39"}],"replies":[{"embeddable":true,"href":"https:\/\/archive.sana.sy\/es\/index.php?rest_route=%2Fwp%2Fv2%2Fcomments&post=307579"}],"version-history":[{"count":1,"href":"https:\/\/archive.sana.sy\/es\/index.php?rest_route=\/wp\/v2\/posts\/307579\/revisions"}],"predecessor-version":[{"id":307582,"href":"https:\/\/archive.sana.sy\/es\/index.php?rest_route=\/wp\/v2\/posts\/307579\/revisions\/307582"}],"wp:featuredmedia":[{"embeddable":true,"href":"https:\/\/archive.sana.sy\/es\/index.php?rest_route=\/wp\/v2\/media\/307584"}],"wp:attachment":[{"href":"https:\/\/archive.sana.sy\/es\/index.php?rest_route=%2Fwp%2Fv2%2Fmedia&parent=307579"}],"wp:term":[{"taxonomy":"category","embeddable":true,"href":"https:\/\/archive.sana.sy\/es\/index.php?rest_route=%2Fwp%2Fv2%2Fcategories&post=307579"},{"taxonomy":"post_tag","embeddable":true,"href":"https:\/\/archive.sana.sy\/es\/index.php?rest_route=%2Fwp%2Fv2%2Ftags&post=307579"}],"curies":[{"name":"wp","href":"https:\/\/api.w.org\/{rel}","templated":true}]}}