{"id":30759,"date":"2015-09-30T13:11:42","date_gmt":"2015-09-30T10:11:42","guid":{"rendered":"http:\/\/sana.sy\/es\/?p=30759"},"modified":"2015-09-30T13:11:42","modified_gmt":"2015-09-30T10:11:42","slug":"ministro-de-defensa-de-ee-uu-ordena-iniciar-una-comunicacion-abierta-con-rusia-sobre-siria","status":"publish","type":"post","link":"https:\/\/archive.sana.sy\/es\/?p=30759","title":{"rendered":"Ministro de Defensa de EE.UU. ordena iniciar una &#8220;comunicaci\u00f3n abierta&#8221; con Rusia sobre Siria"},"content":{"rendered":"<p><span style=\"color: #800000\">Washington, SANA<\/span><\/p>\n<p>El ministro de Defensa de EE.UU. orden\u00f3 iniciar una &#8220;comunicaci\u00f3n abierta&#8221; con Rusia sobre Siria.<\/p>\n<p>Seg\u00fan una declaraci\u00f3n del Pent\u00e1gono, tras la reuni\u00f3n de los presidentes de Rusia y Estados Unidos en el marco de la Asamblea General de la ONU, el secretario de Defensa de EE.UU., Ashton Carter, orden\u00f3 establecer canales de comunicaci\u00f3n entre los Ej\u00e9rcitos de EE.UU. y Rusia con el fin de evitar posibles conflictos entre s\u00ed en Siria&#8221;.<\/p>\n<p>El portavoz del Pent\u00e1gono, Peter Cook, dijo que &#8220;los detalles y el momento exacto en que tendr\u00e1 lugar esta comunicaci\u00f3n se determinar\u00e1n en un futuro pr\u00f3ximo&#8221;.<\/p>\n<p><span style=\"color: #00ccff\">Fady M., Hala B.<\/span><\/p>\n","protected":false},"excerpt":{"rendered":"<p>Washington, SANA El ministro de Defensa de EE.UU. orden\u00f3 iniciar una &#8220;comunicaci\u00f3n abierta&#8221; con Rusia sobre Siria. Seg\u00fan una declaraci\u00f3n del Pent\u00e1gono, tras la reuni\u00f3n de los presidentes de Rusia y Estados Unidos en el marco de la Asamblea General de la ONU, el secretario de Defensa de EE.UU., Ashton Carter, orden\u00f3 establecer canales de &hellip;<\/p>\n","protected":false},"author":1,"featured_media":30760,"comment_status":"closed","ping_status":"closed","sticky":false,"template":"","format":"standard","meta":{"footnotes":""},"categories":[456,457,576],"tags":[6823],"class_list":["post-30759","post","type-post","status-publish","format-standard","has-post-thumbnail","","category-arabe-internacional-politica","category-noticias-arabe-internacional-politica","category-noticias-politicas","tag-ministro-de-defensa-de-ee-uu-ordena-iniciar-una-comunicacion-abierta-con-rusia-sobre-siria"],"_links":{"self":[{"href":"https:\/\/archive.sana.sy\/es\/index.php?rest_route=\/wp\/v2\/posts\/30759"}],"collection":[{"href":"https:\/\/archive.sana.sy\/es\/index.php?rest_route=\/wp\/v2\/posts"}],"about":[{"href":"https:\/\/archive.sana.sy\/es\/index.php?rest_route=\/wp\/v2\/types\/post"}],"author":[{"embeddable":true,"href":"https:\/\/archive.sana.sy\/es\/index.php?rest_route=\/wp\/v2\/users\/1"}],"replies":[{"embeddable":true,"href":"https:\/\/archive.sana.sy\/es\/index.php?rest_route=%2Fwp%2Fv2%2Fcomments&post=30759"}],"version-history":[{"count":0,"href":"https:\/\/archive.sana.sy\/es\/index.php?rest_route=\/wp\/v2\/posts\/30759\/revisions"}],"wp:featuredmedia":[{"embeddable":true,"href":"https:\/\/archive.sana.sy\/es\/index.php?rest_route=\/wp\/v2\/media\/30760"}],"wp:attachment":[{"href":"https:\/\/archive.sana.sy\/es\/index.php?rest_route=%2Fwp%2Fv2%2Fmedia&parent=30759"}],"wp:term":[{"taxonomy":"category","embeddable":true,"href":"https:\/\/archive.sana.sy\/es\/index.php?rest_route=%2Fwp%2Fv2%2Fcategories&post=30759"},{"taxonomy":"post_tag","embeddable":true,"href":"https:\/\/archive.sana.sy\/es\/index.php?rest_route=%2Fwp%2Fv2%2Ftags&post=30759"}],"curies":[{"name":"wp","href":"https:\/\/api.w.org\/{rel}","templated":true}]}}