{"id":307598,"date":"2023-09-01T18:33:57","date_gmt":"2023-09-01T15:33:57","guid":{"rendered":"http:\/\/sana.sy\/es\/?p=307598"},"modified":"2023-09-01T18:36:09","modified_gmt":"2023-09-01T15:36:09","slug":"los-militares-ucranianos-se-niegan-a-cruzar-el-dnieper-por-temor-a-muerte-inminente-por-el-fuego-ruso","status":"publish","type":"post","link":"https:\/\/archive.sana.sy\/es\/?p=307598","title":{"rendered":"Los militares ucranianos se niegan a cruzar el Dni\u00e9per por temor a muerte inminente por el fuego ruso"},"content":{"rendered":"<p style=\"text-align: justify;\"><span style=\"color: #800000;\"><strong>Mosc\u00fa, 01 sep (SANA)\u00a0<\/strong> <\/span>\u00a0En un informe semanal para el per\u00edodo del 25 de agosto al 1 de septiembre de 2023, el Ministerio de Defensa de la Federaci\u00f3n de Rusia inform\u00f3 que los militares ucranianos se niegan a realizar la misi\u00f3n de cruzar el r\u00edo Dnieper por temor a una muerte inminente por el fuego ruso.<\/p>\n<p style=\"text-align: justify;\">\u201cSeg\u00fan los testimonios de los militares capturados de la 123\u00aa Brigada de Defensa Territorial, la mayor parte del personal de las Fuerzas Armadas de Ucrania se niega a cruzar el Dnieper por temor a una muerte inminente por el fuego ruso\u201d, inform\u00f3 el ente castrense.<\/p>\n<p style=\"text-align: justify;\"><img loading=\"lazy\" decoding=\"async\" class=\"size-medium wp-image-307600 alignright\" src=\"http:\/\/sana.sy\/es\/wp-content\/uploads\/2023\/09\/Los-militares-ucranianos-se-niegan-a-cruzar-el-Dnieper-por-temor-a-muerte-inminente-por-el-fuego-ruso-1-300x225.jpg\" alt=\"\" width=\"300\" height=\"225\" srcset=\"https:\/\/archive.sana.sy\/es\/wp-content\/uploads\/2023\/09\/Los-militares-ucranianos-se-niegan-a-cruzar-el-Dnieper-por-temor-a-muerte-inminente-por-el-fuego-ruso-1-300x225.jpg 300w, https:\/\/archive.sana.sy\/es\/wp-content\/uploads\/2023\/09\/Los-militares-ucranianos-se-niegan-a-cruzar-el-Dnieper-por-temor-a-muerte-inminente-por-el-fuego-ruso-1-150x113.jpg 150w, https:\/\/archive.sana.sy\/es\/wp-content\/uploads\/2023\/09\/Los-militares-ucranianos-se-niegan-a-cruzar-el-Dnieper-por-temor-a-muerte-inminente-por-el-fuego-ruso-1.jpg 736w\" sizes=\"(max-width: 300px) 100vw, 300px\" \/><\/p>\n<p style=\"text-align: justify;\">Agreg\u00f3 que en esta direcci\u00f3n, el enemigo perdi\u00f3 en una semana hasta 230 militares, 31 veh\u00edculos y 19 ca\u00f1ones de artiller\u00eda de campa\u00f1a.<\/p>\n<p style=\"text-align: justify;\">A su vez, la Flota del Mar Negro estableci\u00f3 un seguimiento constante de la situaci\u00f3n mediante todo tipo de medios de reconocimientos en el Mar Negro.<\/p>\n<p style=\"text-align: justify;\">Los d\u00edas 29 y 30 de agosto, la aviaci\u00f3n naval de la Flota del Mar Negro frustr\u00f3 un intento de desembarcar un destacamento de fuerzas de operaciones especiales de las Fuerzas Armadas de Ucrania en la costa de Crimea para cometer actos terroristas.<\/p>\n<p style=\"text-align: justify;\">Asimismo, los aviones navales destruyeron cuatro barcos militares y eliminaron hasta 50 militares ucranianos.<\/p>\n<p style=\"text-align: justify;\">fm\/sm<\/p>\n","protected":false},"excerpt":{"rendered":"<p>Mosc\u00fa, 01 sep (SANA)\u00a0 \u00a0En un informe semanal para el per\u00edodo del 25 de agosto al 1 de septiembre de 2023, el Ministerio de Defensa de la Federaci\u00f3n de Rusia inform\u00f3 que los militares ucranianos se niegan a realizar la misi\u00f3n de cruzar el r\u00edo Dnieper por temor a una muerte inminente por el fuego &hellip;<\/p>\n","protected":false},"author":39,"featured_media":307599,"comment_status":"closed","ping_status":"closed","sticky":false,"template":"","format":"standard","meta":{"footnotes":""},"categories":[597,456,16687,20724,7541],"tags":[],"class_list":["post-307598","post","type-post","status-publish","format-standard","has-post-thumbnail","","category-cinta-de-noticias","category-arabe-internacional-politica","category-internacionales","category-minuto-a-minuto","category-ultimas-noticias"],"_links":{"self":[{"href":"https:\/\/archive.sana.sy\/es\/index.php?rest_route=\/wp\/v2\/posts\/307598"}],"collection":[{"href":"https:\/\/archive.sana.sy\/es\/index.php?rest_route=\/wp\/v2\/posts"}],"about":[{"href":"https:\/\/archive.sana.sy\/es\/index.php?rest_route=\/wp\/v2\/types\/post"}],"author":[{"embeddable":true,"href":"https:\/\/archive.sana.sy\/es\/index.php?rest_route=\/wp\/v2\/users\/39"}],"replies":[{"embeddable":true,"href":"https:\/\/archive.sana.sy\/es\/index.php?rest_route=%2Fwp%2Fv2%2Fcomments&post=307598"}],"version-history":[{"count":3,"href":"https:\/\/archive.sana.sy\/es\/index.php?rest_route=\/wp\/v2\/posts\/307598\/revisions"}],"predecessor-version":[{"id":307603,"href":"https:\/\/archive.sana.sy\/es\/index.php?rest_route=\/wp\/v2\/posts\/307598\/revisions\/307603"}],"wp:featuredmedia":[{"embeddable":true,"href":"https:\/\/archive.sana.sy\/es\/index.php?rest_route=\/wp\/v2\/media\/307599"}],"wp:attachment":[{"href":"https:\/\/archive.sana.sy\/es\/index.php?rest_route=%2Fwp%2Fv2%2Fmedia&parent=307598"}],"wp:term":[{"taxonomy":"category","embeddable":true,"href":"https:\/\/archive.sana.sy\/es\/index.php?rest_route=%2Fwp%2Fv2%2Fcategories&post=307598"},{"taxonomy":"post_tag","embeddable":true,"href":"https:\/\/archive.sana.sy\/es\/index.php?rest_route=%2Fwp%2Fv2%2Ftags&post=307598"}],"curies":[{"name":"wp","href":"https:\/\/api.w.org\/{rel}","templated":true}]}}