{"id":307653,"date":"2023-09-02T10:59:31","date_gmt":"2023-09-02T07:59:31","guid":{"rendered":"http:\/\/sana.sy\/es\/?p=307653"},"modified":"2023-09-02T18:04:07","modified_gmt":"2023-09-02T15:04:07","slug":"ee-uu-reino-unido-y-francia-abusan-de-su-influencia-en-la-onu-denuncia-rusia","status":"publish","type":"post","link":"https:\/\/archive.sana.sy\/es\/?p=307653","title":{"rendered":"EE.UU., Reino Unido y Francia abusan de su Influencia en la ONU, denuncia Rusia"},"content":{"rendered":"<blockquote><p><span style=\"color: #800000;\">Seg\u00fan el comunicado emitido por el ministerio y citado por RT, las acciones de estas naciones complican la labor de las fuerzas de paz en el terreno y, en algunos casos, pueden llevar a la retirada de estas fuerzas, como sucedi\u00f3 en varios pa\u00edses africanos.<\/span><\/p><\/blockquote>\n<p style=\"text-align: justify;\"><span style=\"color: #800000;\"><strong>Mosc\u00fa, 02 sep (SANA)<\/strong><\/span> El Ministerio de Relaciones Exteriores de Rusia denunci\u00f3 que Estados Unidos, el Reino Unido y Francia est\u00e1n utilizando su influencia en las Naciones Unidas para promover sus agendas pol\u00edticas, lo que socava el marco legal internacional que regula las operaciones de mantenimiento de la paz en diversas partes del mundo.<\/p>\n<p style=\"text-align: justify;\">Seg\u00fan el comunicado emitido por el ministerio y citado por RT, las acciones de estas naciones complican la labor de las fuerzas de paz en el terreno y, en algunos casos, pueden llevar a la retirada de estas fuerzas, como sucedi\u00f3 en varios pa\u00edses africanos.<\/p>\n<p style=\"text-align: justify;\">\u201cRusia se abstuvo de votar sobre la Resoluci\u00f3n 2695 del Consejo de Seguridad de la ONU, que busca extender el mandato de la misi\u00f3n de la UNIFIL en L\u00edbano por falta de inclusi\u00f3n de una soluci\u00f3n equitativa en el texto final que reflejara la posici\u00f3n de L\u00edbano, pa\u00eds anfitri\u00f3n de las fuerzas de paz de la ONU\u201d, destac\u00f3 la Canciller\u00eda.<\/p>\n<p style=\"text-align: justify;\">La declaraci\u00f3n subray\u00f3 la necesidad de que las fuerzas de la ONU coordinen sus acciones con los representantes de los pa\u00edses anfitriones, respetando su soberan\u00eda, independencia, integridad territorial y seguridad sin injerencia extranjera.<\/p>\n<p style=\"text-align: justify;\">Adem\u00e1s, el comunicado mencion\u00f3 la preocupaci\u00f3n por las acciones perjudiciales de las operaciones israel\u00edes, incluyendo la violaci\u00f3n del espacio a\u00e9reo liban\u00e9s, que va en contra de la Resoluci\u00f3n 1701 del Consejo de Seguridad de la ONU y aumenta la tensi\u00f3n en la regi\u00f3n a lo largo de la l\u00ednea azul.<\/p>\n<p style=\"text-align: justify;\">El Consejo de Seguridad de la ONU aprob\u00f3 la v\u00edspera la extensi\u00f3n del mandato de la UNIFIL en L\u00edbano, aunque por primera vez no se logr\u00f3 un consenso un\u00e1nime, ya que Rusia y China se abstuvieron en la votaci\u00f3n, debido a la falta de inclusi\u00f3n de elementos que consideraban esenciales.<\/p>\n<p style=\"text-align: justify;\"><em><strong>ah\/fm<\/strong><\/em><\/p>\n","protected":false},"excerpt":{"rendered":"<p>Seg\u00fan el comunicado emitido por el ministerio y citado por RT, las acciones de estas naciones complican la labor de las fuerzas de paz en el terreno y, en algunos casos, pueden llevar a la retirada de estas fuerzas, como sucedi\u00f3 en varios pa\u00edses africanos. Mosc\u00fa, 02 sep (SANA) El Ministerio de Relaciones Exteriores de &hellip;<\/p>\n","protected":false},"author":30,"featured_media":307654,"comment_status":"closed","ping_status":"closed","sticky":false,"template":"","format":"standard","meta":{"footnotes":""},"categories":[597,456,16687,20724,7541],"tags":[],"class_list":["post-307653","post","type-post","status-publish","format-standard","has-post-thumbnail","","category-cinta-de-noticias","category-arabe-internacional-politica","category-internacionales","category-minuto-a-minuto","category-ultimas-noticias"],"_links":{"self":[{"href":"https:\/\/archive.sana.sy\/es\/index.php?rest_route=\/wp\/v2\/posts\/307653"}],"collection":[{"href":"https:\/\/archive.sana.sy\/es\/index.php?rest_route=\/wp\/v2\/posts"}],"about":[{"href":"https:\/\/archive.sana.sy\/es\/index.php?rest_route=\/wp\/v2\/types\/post"}],"author":[{"embeddable":true,"href":"https:\/\/archive.sana.sy\/es\/index.php?rest_route=\/wp\/v2\/users\/30"}],"replies":[{"embeddable":true,"href":"https:\/\/archive.sana.sy\/es\/index.php?rest_route=%2Fwp%2Fv2%2Fcomments&post=307653"}],"version-history":[{"count":2,"href":"https:\/\/archive.sana.sy\/es\/index.php?rest_route=\/wp\/v2\/posts\/307653\/revisions"}],"predecessor-version":[{"id":307695,"href":"https:\/\/archive.sana.sy\/es\/index.php?rest_route=\/wp\/v2\/posts\/307653\/revisions\/307695"}],"wp:featuredmedia":[{"embeddable":true,"href":"https:\/\/archive.sana.sy\/es\/index.php?rest_route=\/wp\/v2\/media\/307654"}],"wp:attachment":[{"href":"https:\/\/archive.sana.sy\/es\/index.php?rest_route=%2Fwp%2Fv2%2Fmedia&parent=307653"}],"wp:term":[{"taxonomy":"category","embeddable":true,"href":"https:\/\/archive.sana.sy\/es\/index.php?rest_route=%2Fwp%2Fv2%2Fcategories&post=307653"},{"taxonomy":"post_tag","embeddable":true,"href":"https:\/\/archive.sana.sy\/es\/index.php?rest_route=%2Fwp%2Fv2%2Ftags&post=307653"}],"curies":[{"name":"wp","href":"https:\/\/api.w.org\/{rel}","templated":true}]}}