{"id":307656,"date":"2023-09-02T11:19:53","date_gmt":"2023-09-02T08:19:53","guid":{"rendered":"http:\/\/sana.sy\/es\/?p=307656"},"modified":"2023-09-02T12:00:40","modified_gmt":"2023-09-02T09:00:40","slug":"atentado-con-bomba-causa-lesiones-a-un-agente-de-seguridad-al-oeste-de-damasco","status":"publish","type":"post","link":"https:\/\/archive.sana.sy\/es\/?p=307656","title":{"rendered":"Un oficial de polic\u00eda resulta herido por atentado con bomba al suroeste de Damasco"},"content":{"rendered":"<p style=\"text-align: justify;\"><span style=\"color: #800000;\"><strong>Damasco, 2 sep (SANA)<\/strong><\/span> El Comando de Polic\u00eda de la provincia de Damasco-campo anunci\u00f3 hoy que un oficial de las Fuerzas de Seguridad Interna result\u00f3 herido en atentado con artefacto explosivo en las afueras de Damasco.<img loading=\"lazy\" decoding=\"async\" class=\"size-medium wp-image-307664 alignright\" src=\"http:\/\/sana.sy\/es\/wp-content\/uploads\/2023\/09\/photo_2023-09-02_11-33-58-300x225.jpg\" alt=\"\" width=\"300\" height=\"225\" srcset=\"https:\/\/archive.sana.sy\/es\/wp-content\/uploads\/2023\/09\/photo_2023-09-02_11-33-58-300x225.jpg 300w, https:\/\/archive.sana.sy\/es\/wp-content\/uploads\/2023\/09\/photo_2023-09-02_11-33-58-150x113.jpg 150w, https:\/\/archive.sana.sy\/es\/wp-content\/uploads\/2023\/09\/photo_2023-09-02_11-33-58-768x576.jpg 768w, https:\/\/archive.sana.sy\/es\/wp-content\/uploads\/2023\/09\/photo_2023-09-02_11-33-58.jpg 1024w\" sizes=\"(max-width: 300px) 100vw, 300px\" \/><\/p>\n<p style=\"text-align: justify;\">La bomba fue colocada en el veh\u00edculo del jefe de la comisar\u00eda de polic\u00eda de la localidad de Sassa, el mayor Mohamed Al-Ahmad, mientras se dirig\u00eda a su trabajo desde su hogar en la localidad de Hina.<\/p>\n<p style=\"text-align: justify;\">La acci\u00f3n caus\u00f3 lesiones al oficial en su pie derecho y fue trasladado de inmediato a un hospital en Damasco para recibir tratamiento m\u00e9dico.<\/p>\n<p style=\"text-align: justify;\">El mayor general Nizar Mohammad Hassan, comandante de la Polic\u00eda de la provincia de Damasco-Campo, se dirigi\u00f3 al hospital para estar al tanto del estado de salud del oficial herido.<\/p>\n<p style=\"text-align: justify;\"><em><strong>fm\/ah<\/strong><\/em><\/p>\n","protected":false},"excerpt":{"rendered":"<p>Damasco, 2 sep (SANA) El Comando de Polic\u00eda de la provincia de Damasco-campo anunci\u00f3 hoy que un oficial de las Fuerzas de Seguridad Interna result\u00f3 herido en atentado con artefacto explosivo en las afueras de Damasco. La bomba fue colocada en el veh\u00edculo del jefe de la comisar\u00eda de polic\u00eda de la localidad de Sassa, &hellip;<\/p>\n","protected":false},"author":30,"featured_media":307663,"comment_status":"closed","ping_status":"closed","sticky":false,"template":"","format":"standard","meta":{"footnotes":""},"categories":[477,597,573,20724,476,583],"tags":[],"class_list":["post-307656","post","type-post","status-publish","format-standard","has-post-thumbnail","","category-noticias-edulcorantes","category-cinta-de-noticias","category-la-realidad-de-los-acontecimientos-en-siria","category-minuto-a-minuto","category-locales","category-slide"],"_links":{"self":[{"href":"https:\/\/archive.sana.sy\/es\/index.php?rest_route=\/wp\/v2\/posts\/307656"}],"collection":[{"href":"https:\/\/archive.sana.sy\/es\/index.php?rest_route=\/wp\/v2\/posts"}],"about":[{"href":"https:\/\/archive.sana.sy\/es\/index.php?rest_route=\/wp\/v2\/types\/post"}],"author":[{"embeddable":true,"href":"https:\/\/archive.sana.sy\/es\/index.php?rest_route=\/wp\/v2\/users\/30"}],"replies":[{"embeddable":true,"href":"https:\/\/archive.sana.sy\/es\/index.php?rest_route=%2Fwp%2Fv2%2Fcomments&post=307656"}],"version-history":[{"count":3,"href":"https:\/\/archive.sana.sy\/es\/index.php?rest_route=\/wp\/v2\/posts\/307656\/revisions"}],"predecessor-version":[{"id":307666,"href":"https:\/\/archive.sana.sy\/es\/index.php?rest_route=\/wp\/v2\/posts\/307656\/revisions\/307666"}],"wp:featuredmedia":[{"embeddable":true,"href":"https:\/\/archive.sana.sy\/es\/index.php?rest_route=\/wp\/v2\/media\/307663"}],"wp:attachment":[{"href":"https:\/\/archive.sana.sy\/es\/index.php?rest_route=%2Fwp%2Fv2%2Fmedia&parent=307656"}],"wp:term":[{"taxonomy":"category","embeddable":true,"href":"https:\/\/archive.sana.sy\/es\/index.php?rest_route=%2Fwp%2Fv2%2Fcategories&post=307656"},{"taxonomy":"post_tag","embeddable":true,"href":"https:\/\/archive.sana.sy\/es\/index.php?rest_route=%2Fwp%2Fv2%2Ftags&post=307656"}],"curies":[{"name":"wp","href":"https:\/\/api.w.org\/{rel}","templated":true}]}}