{"id":307704,"date":"2023-09-03T08:51:34","date_gmt":"2023-09-03T05:51:34","guid":{"rendered":"http:\/\/sana.sy\/es\/?p=307704"},"modified":"2023-09-03T18:30:27","modified_gmt":"2023-09-03T15:30:27","slug":"casi-4-millones-de-ninos-sirios-comienzan-su-ano-escolar-2023-2024-foto","status":"publish","type":"post","link":"https:\/\/archive.sana.sy\/es\/?p=307704","title":{"rendered":"Casi 4 millones de ni\u00f1os sirios comienzan su a\u00f1o escolar 2023-2024 (+fotos)"},"content":{"rendered":"<p style=\"text-align: justify;\"><span style=\"color: #800000;\"><strong>Damasco, 3 sep (SANA)<\/strong><\/span> M\u00e1s de 3 millones 700 mil estudiantes de diferentes etapas de educaci\u00f3n (b\u00e1sica y secundaria- de primero a doce grados) iniciaron hoy sus clases del a\u00f1o acad\u00e9mico 2023-2024.<\/p>\n<p style=\"text-align: justify;\">Estos menores reciben clases en 14.505 escuelas en todas las gobernaciones del pa\u00eds.<\/p>\n<div id='gallery-1' class='gallery galleryid-307704 gallery-columns-1 gallery-size-full'><figure class='gallery-item'>\n\t\t\t<div class='gallery-icon landscape'>\n\t\t\t\t<a href='https:\/\/archive.sana.sy\/es\/wp-content\/uploads\/2023\/09\/5.jpg'><img loading=\"lazy\" decoding=\"async\" width=\"1280\" height=\"718\" src=\"https:\/\/archive.sana.sy\/es\/wp-content\/uploads\/2023\/09\/5.jpg\" class=\"attachment-full size-full\" alt=\"\" srcset=\"https:\/\/archive.sana.sy\/es\/wp-content\/uploads\/2023\/09\/5.jpg 1280w, https:\/\/archive.sana.sy\/es\/wp-content\/uploads\/2023\/09\/5-300x168.jpg 300w, https:\/\/archive.sana.sy\/es\/wp-content\/uploads\/2023\/09\/5-1024x574.jpg 1024w, https:\/\/archive.sana.sy\/es\/wp-content\/uploads\/2023\/09\/5-150x84.jpg 150w, https:\/\/archive.sana.sy\/es\/wp-content\/uploads\/2023\/09\/5-768x431.jpg 768w\" sizes=\"(max-width: 1280px) 100vw, 1280px\" \/><\/a>\n\t\t\t<\/div><\/figure><figure class='gallery-item'>\n\t\t\t<div class='gallery-icon landscape'>\n\t\t\t\t<a href='https:\/\/archive.sana.sy\/es\/wp-content\/uploads\/2023\/09\/2.jpg'><img loading=\"lazy\" decoding=\"async\" width=\"1280\" height=\"694\" src=\"https:\/\/archive.sana.sy\/es\/wp-content\/uploads\/2023\/09\/2.jpg\" class=\"attachment-full size-full\" alt=\"\" srcset=\"https:\/\/archive.sana.sy\/es\/wp-content\/uploads\/2023\/09\/2.jpg 1280w, https:\/\/archive.sana.sy\/es\/wp-content\/uploads\/2023\/09\/2-300x163.jpg 300w, https:\/\/archive.sana.sy\/es\/wp-content\/uploads\/2023\/09\/2-1024x555.jpg 1024w, https:\/\/archive.sana.sy\/es\/wp-content\/uploads\/2023\/09\/2-150x81.jpg 150w, https:\/\/archive.sana.sy\/es\/wp-content\/uploads\/2023\/09\/2-768x416.jpg 768w\" sizes=\"(max-width: 1280px) 100vw, 1280px\" \/><\/a>\n\t\t\t<\/div><\/figure><figure class='gallery-item'>\n\t\t\t<div class='gallery-icon landscape'>\n\t\t\t\t<a href='https:\/\/archive.sana.sy\/es\/wp-content\/uploads\/2023\/09\/4.jpg'><img loading=\"lazy\" decoding=\"async\" width=\"1280\" height=\"691\" src=\"https:\/\/archive.sana.sy\/es\/wp-content\/uploads\/2023\/09\/4.jpg\" class=\"attachment-full size-full\" alt=\"\" srcset=\"https:\/\/archive.sana.sy\/es\/wp-content\/uploads\/2023\/09\/4.jpg 1280w, https:\/\/archive.sana.sy\/es\/wp-content\/uploads\/2023\/09\/4-300x162.jpg 300w, https:\/\/archive.sana.sy\/es\/wp-content\/uploads\/2023\/09\/4-1024x553.jpg 1024w, https:\/\/archive.sana.sy\/es\/wp-content\/uploads\/2023\/09\/4-150x81.jpg 150w, https:\/\/archive.sana.sy\/es\/wp-content\/uploads\/2023\/09\/4-768x415.jpg 768w\" sizes=\"(max-width: 1280px) 100vw, 1280px\" \/><\/a>\n\t\t\t<\/div><\/figure><figure class='gallery-item'>\n\t\t\t<div class='gallery-icon landscape'>\n\t\t\t\t<a href='https:\/\/archive.sana.sy\/es\/wp-content\/uploads\/2023\/09\/3333.jpg'><img loading=\"lazy\" decoding=\"async\" width=\"1280\" height=\"710\" src=\"https:\/\/archive.sana.sy\/es\/wp-content\/uploads\/2023\/09\/3333.jpg\" class=\"attachment-full size-full\" alt=\"\" srcset=\"https:\/\/archive.sana.sy\/es\/wp-content\/uploads\/2023\/09\/3333.jpg 1280w, https:\/\/archive.sana.sy\/es\/wp-content\/uploads\/2023\/09\/3333-300x166.jpg 300w, https:\/\/archive.sana.sy\/es\/wp-content\/uploads\/2023\/09\/3333-1024x568.jpg 1024w, https:\/\/archive.sana.sy\/es\/wp-content\/uploads\/2023\/09\/3333-150x83.jpg 150w, https:\/\/archive.sana.sy\/es\/wp-content\/uploads\/2023\/09\/3333-768x426.jpg 768w\" sizes=\"(max-width: 1280px) 100vw, 1280px\" \/><\/a>\n\t\t\t<\/div><\/figure>\n\t\t<\/div>\n\n<p style=\"text-align: justify;\">fm\/as<\/p>\n","protected":false},"excerpt":{"rendered":"<p>Damasco, 3 sep (SANA) M\u00e1s de 3 millones 700 mil estudiantes de diferentes etapas de educaci\u00f3n (b\u00e1sica y secundaria- de primero a doce grados) iniciaron hoy sus clases del a\u00f1o acad\u00e9mico 2023-2024. Estos menores reciben clases en 14.505 escuelas en todas las gobernaciones del pa\u00eds. fm\/as<\/p>\n","protected":false},"author":42,"featured_media":307725,"comment_status":"closed","ping_status":"closed","sticky":false,"template":"","format":"standard","meta":{"footnotes":""},"categories":[597,20724,476,16688,583],"tags":[],"class_list":["post-307704","post","type-post","status-publish","format-standard","has-post-thumbnail","","category-cinta-de-noticias","category-minuto-a-minuto","category-locales","category-nacionales","category-slide"],"_links":{"self":[{"href":"https:\/\/archive.sana.sy\/es\/index.php?rest_route=\/wp\/v2\/posts\/307704"}],"collection":[{"href":"https:\/\/archive.sana.sy\/es\/index.php?rest_route=\/wp\/v2\/posts"}],"about":[{"href":"https:\/\/archive.sana.sy\/es\/index.php?rest_route=\/wp\/v2\/types\/post"}],"author":[{"embeddable":true,"href":"https:\/\/archive.sana.sy\/es\/index.php?rest_route=\/wp\/v2\/users\/42"}],"replies":[{"embeddable":true,"href":"https:\/\/archive.sana.sy\/es\/index.php?rest_route=%2Fwp%2Fv2%2Fcomments&post=307704"}],"version-history":[{"count":4,"href":"https:\/\/archive.sana.sy\/es\/index.php?rest_route=\/wp\/v2\/posts\/307704\/revisions"}],"predecessor-version":[{"id":307769,"href":"https:\/\/archive.sana.sy\/es\/index.php?rest_route=\/wp\/v2\/posts\/307704\/revisions\/307769"}],"wp:featuredmedia":[{"embeddable":true,"href":"https:\/\/archive.sana.sy\/es\/index.php?rest_route=\/wp\/v2\/media\/307725"}],"wp:attachment":[{"href":"https:\/\/archive.sana.sy\/es\/index.php?rest_route=%2Fwp%2Fv2%2Fmedia&parent=307704"}],"wp:term":[{"taxonomy":"category","embeddable":true,"href":"https:\/\/archive.sana.sy\/es\/index.php?rest_route=%2Fwp%2Fv2%2Fcategories&post=307704"},{"taxonomy":"post_tag","embeddable":true,"href":"https:\/\/archive.sana.sy\/es\/index.php?rest_route=%2Fwp%2Fv2%2Ftags&post=307704"}],"curies":[{"name":"wp","href":"https:\/\/api.w.org\/{rel}","templated":true}]}}