{"id":30771,"date":"2015-09-30T13:43:09","date_gmt":"2015-09-30T10:43:09","guid":{"rendered":"http:\/\/sana.sy\/es\/?p=30771"},"modified":"2015-09-30T13:43:09","modified_gmt":"2015-09-30T10:43:09","slug":"zarif-las-precondiciones-ilogicas-prolongarian-la-crisis-en-siria","status":"publish","type":"post","link":"https:\/\/archive.sana.sy\/es\/?p=30771","title":{"rendered":"Zarif: las precondiciones il\u00f3gicas prolongar\u00edan la crisis en Siria"},"content":{"rendered":"<p><span style=\"color: #800000\">Nueva York, SANA<\/span><\/p>\n<p>El ministro de Exteriores iran\u00ed, Mohammad Javad Zarif, dijo que la fijaci\u00f3n de precondiciones il\u00f3gicas para poner fin a la crisis en Siria llevar\u00eda s\u00f3lo a prolongar esa crisis.<\/p>\n<p>Durante su encuentro con su hom\u00f3logo croata en Nueva York, el canciller iran\u00ed explic\u00f3 las ideas de Ir\u00e1n encaminadas a resolver la crisis en Siria, diciendo que la v\u00eda para poner fin a los combates y para llegar a una soluci\u00f3n en Siria consistir\u00eda en la &#8220;formaci\u00f3n de un gobierno de transici\u00f3n con la participaci\u00f3n de las partes interesadas y renunciar a las precondiciones il\u00f3gicas que s\u00f3lo llevar\u00edan a prolongar la crisis en Siria &#8220;.<\/p>\n<p>Por su parte, la ministra de Exteriores de Croacia hizo alusi\u00f3n a la crisis de los refugiados sirios y su impacto en los pa\u00edses europeos, entre ellos Croacia.<\/p>\n<p>Por otro lado, el canciller de Ir\u00e1n condicion\u00f3 el fin de la crisis de Siria a combatir el terrorismo y erradicarlo.<\/p>\n<p>La afirmaci\u00f3n de Zarif tuvo lugar durante un encuentro mantenido con su hom\u00f3logo griego, Nikos Kotzias, al margen de la 70\u00aa Asamblea General de las Naciones Unidas (AGNU) en Nueva York, noreste de Estados Unidos.<br \/>\nEn el mismo contexto, Zarif explic\u00f3 a su hom\u00f3logo griego, el plan de Ir\u00e1n para solucionar la crisis siria.<\/p>\n<p>En un encuentro entre Zarif y su hom\u00f3logo macedonio, Nikola Poposki, sostenido en la misma jornada al margen de la AGNU, las partes abordaron una amplia gama de temas, entre ellos, la crisis de Siria y la de los refugiados sirios, adem\u00e1s de estudiar v\u00edas para aumentar la cooperaci\u00f3n bilateral, en un intento por poner fin al conflicto armado que ya entr\u00f3 en su quinto a\u00f1o.<\/p>\n<p>En el mismo contexto, las partes intercambiaron puntos de vista sobre el plan de Ir\u00e1n para solventar la crisis siria, por medio de las herramientas pol\u00edticas y no militares.<\/p>\n<p><span style=\"color: #00ccff\">Fady M., Hala B.<\/span><\/p>\n","protected":false},"excerpt":{"rendered":"<p>Nueva York, SANA El ministro de Exteriores iran\u00ed, Mohammad Javad Zarif, dijo que la fijaci\u00f3n de precondiciones il\u00f3gicas para poner fin a la crisis en Siria llevar\u00eda s\u00f3lo a prolongar esa crisis. Durante su encuentro con su hom\u00f3logo croata en Nueva York, el canciller iran\u00ed explic\u00f3 las ideas de Ir\u00e1n encaminadas a resolver la crisis &hellip;<\/p>\n","protected":false},"author":1,"featured_media":30772,"comment_status":"closed","ping_status":"closed","sticky":false,"template":"","format":"standard","meta":{"footnotes":""},"categories":[456,457,576],"tags":[6826],"class_list":["post-30771","post","type-post","status-publish","format-standard","has-post-thumbnail","","category-arabe-internacional-politica","category-noticias-arabe-internacional-politica","category-noticias-politicas","tag-zarif-las-precondiciones-ilogicas-prolongarian-la-crisis-en-siria"],"_links":{"self":[{"href":"https:\/\/archive.sana.sy\/es\/index.php?rest_route=\/wp\/v2\/posts\/30771"}],"collection":[{"href":"https:\/\/archive.sana.sy\/es\/index.php?rest_route=\/wp\/v2\/posts"}],"about":[{"href":"https:\/\/archive.sana.sy\/es\/index.php?rest_route=\/wp\/v2\/types\/post"}],"author":[{"embeddable":true,"href":"https:\/\/archive.sana.sy\/es\/index.php?rest_route=\/wp\/v2\/users\/1"}],"replies":[{"embeddable":true,"href":"https:\/\/archive.sana.sy\/es\/index.php?rest_route=%2Fwp%2Fv2%2Fcomments&post=30771"}],"version-history":[{"count":0,"href":"https:\/\/archive.sana.sy\/es\/index.php?rest_route=\/wp\/v2\/posts\/30771\/revisions"}],"wp:featuredmedia":[{"embeddable":true,"href":"https:\/\/archive.sana.sy\/es\/index.php?rest_route=\/wp\/v2\/media\/30772"}],"wp:attachment":[{"href":"https:\/\/archive.sana.sy\/es\/index.php?rest_route=%2Fwp%2Fv2%2Fmedia&parent=30771"}],"wp:term":[{"taxonomy":"category","embeddable":true,"href":"https:\/\/archive.sana.sy\/es\/index.php?rest_route=%2Fwp%2Fv2%2Fcategories&post=30771"},{"taxonomy":"post_tag","embeddable":true,"href":"https:\/\/archive.sana.sy\/es\/index.php?rest_route=%2Fwp%2Fv2%2Ftags&post=30771"}],"curies":[{"name":"wp","href":"https:\/\/api.w.org\/{rel}","templated":true}]}}