{"id":307715,"date":"2023-09-03T09:29:55","date_gmt":"2023-09-03T06:29:55","guid":{"rendered":"http:\/\/sana.sy\/es\/?p=307715"},"modified":"2023-09-03T09:29:55","modified_gmt":"2023-09-03T06:29:55","slug":"aumento-notable-en-numero-de-turistas-extranjeros-que-visitan-la-antigua-ciudad-siria-de-bosra","status":"publish","type":"post","link":"https:\/\/archive.sana.sy\/es\/?p=307715","title":{"rendered":"Aumento notable en n\u00famero de turistas extranjeros que visitan la antigua ciudad siria de Bosra"},"content":{"rendered":"<blockquote>\n<p style=\"text-align: justify;\"><span style=\"color: #993300;\">El director del Centro de Informaci\u00f3n Tur\u00edstica de Bosra, Muhammad Al-Mekdad, declar\u00f3 a nuestra agencia que desde principios del pasado mes de marzo, m\u00e1s de 25 grupos tur\u00edsticos, entre ellas cientos de turistas procedentes de pa\u00edses europeos y asi\u00e1ticos, visitaron a Bosra, a\u00f1\u00e1dee m\u00e1s de cinco mil visitantes locales.<\/span><\/p>\n<\/blockquote>\n<p style=\"text-align: justify;\"><span style=\"color: #800000;\"><strong>Deraa, 3 sep (SANA)<\/strong> <\/span>La antigua ciudad de Bosra Al-Sham en la provincia de Deraa en el sur de Siria, es testigo de un aumento notable en el n\u00famero de turistas que la visitan para conocer su historia y las sucesivas civilizaciones que pasaron por este lugar.<img loading=\"lazy\" decoding=\"async\" class=\"size-full wp-image-307718 alignright\" src=\"http:\/\/sana.sy\/es\/wp-content\/uploads\/2023\/09\/photo_2023-09-03_00-58-55-300x161-2.jpg\" alt=\"\" width=\"300\" height=\"161\" srcset=\"https:\/\/archive.sana.sy\/es\/wp-content\/uploads\/2023\/09\/photo_2023-09-03_00-58-55-300x161-2.jpg 300w, https:\/\/archive.sana.sy\/es\/wp-content\/uploads\/2023\/09\/photo_2023-09-03_00-58-55-300x161-2-150x81.jpg 150w\" sizes=\"(max-width: 300px) 100vw, 300px\" \/><\/p>\n<p style=\"text-align: justify;\">El director del Centro de Informaci\u00f3n Tur\u00edstica de Bosra, Muhammad Al-Mekdad, declar\u00f3 a nuestra agencia que desde principios del pasado mes de marzo, m\u00e1s de 25 grupos tur\u00edsticos, entre ellos cientos procedentes de pa\u00edses europeos y asi\u00e1ticos, visitaron Bosra, a\u00f1\u00e1dele m\u00e1s de cinco mil visitantes locales.<\/p>\n<p style=\"text-align: justify;\">Por su parte, el gu\u00eda tur\u00edstico Waseem Al-Bahra, se\u00f1al\u00f3 que la mayor\u00eda de las delegaciones que llegan al pa\u00eds lo hacen a trav\u00e9s de las oficinas de turismo y del Ministerio de Turismo.<\/p>\n<p style=\"text-align: justify;\">Mientras, la jefa del Departamento de Antig\u00fcedades de Bosra, Alaa Al-Salah, destac\u00f3 la importancia de los trabajos de restauraci\u00f3n realizados por la Direcci\u00f3n General de Antig\u00fcedades y Museos, especialmente en la ciudadela y su teatro, y explic\u00f3 la importancia de la cooperaci\u00f3n existente con la UNESCO para rehabilitar y restaurar algunos sitios, como el lecho de la hija del Rey.<img loading=\"lazy\" decoding=\"async\" class=\"size-full wp-image-307719 alignright\" src=\"http:\/\/sana.sy\/es\/wp-content\/uploads\/2023\/09\/photo_2023-09-03_00-58-59-300x167-2.jpg\" alt=\"\" width=\"300\" height=\"167\" srcset=\"https:\/\/archive.sana.sy\/es\/wp-content\/uploads\/2023\/09\/photo_2023-09-03_00-58-59-300x167-2.jpg 300w, https:\/\/archive.sana.sy\/es\/wp-content\/uploads\/2023\/09\/photo_2023-09-03_00-58-59-300x167-2-150x84.jpg 150w\" sizes=\"(max-width: 300px) 100vw, 300px\" \/><\/p>\n<p style=\"text-align: justify;\">El alcalde Suleiman Al-Shahma, explic\u00f3 que la ciudad contiene 45 monumentos arqueol\u00f3gicos inscritos en la Lista del Patrimonio Mundial, entre ellos el teatro, castillo, monasterios, iglesias, mezquitas y palacios.<\/p>\n<p style=\"text-align: justify;\">Bosra fue inscrita en la lista del Patrimonio de la Humanidad de la UNESCO en 1980 como el segundo sitio arqueol\u00f3gico sirio puesto en esta lista despu\u00e9s de la Ciudad Vieja de Damasco.<\/p>\n<p style=\"text-align: justify;\">fm\/as<\/p>\n","protected":false},"excerpt":{"rendered":"<p>El director del Centro de Informaci\u00f3n Tur\u00edstica de Bosra, Muhammad Al-Mekdad, declar\u00f3 a nuestra agencia que desde principios del pasado mes de marzo, m\u00e1s de 25 grupos tur\u00edsticos, entre ellas cientos de turistas procedentes de pa\u00edses europeos y asi\u00e1ticos, visitaron a Bosra, a\u00f1\u00e1dee m\u00e1s de cinco mil visitantes locales. Deraa, 3 sep (SANA) La antigua &hellip;<\/p>\n","protected":false},"author":42,"featured_media":307720,"comment_status":"closed","ping_status":"closed","sticky":false,"template":"","format":"standard","meta":{"footnotes":""},"categories":[597,20724,476,16688,575,7541],"tags":[],"class_list":["post-307715","post","type-post","status-publish","format-standard","has-post-thumbnail","","category-cinta-de-noticias","category-minuto-a-minuto","category-locales","category-nacionales","category-provincias","category-ultimas-noticias"],"_links":{"self":[{"href":"https:\/\/archive.sana.sy\/es\/index.php?rest_route=\/wp\/v2\/posts\/307715"}],"collection":[{"href":"https:\/\/archive.sana.sy\/es\/index.php?rest_route=\/wp\/v2\/posts"}],"about":[{"href":"https:\/\/archive.sana.sy\/es\/index.php?rest_route=\/wp\/v2\/types\/post"}],"author":[{"embeddable":true,"href":"https:\/\/archive.sana.sy\/es\/index.php?rest_route=\/wp\/v2\/users\/42"}],"replies":[{"embeddable":true,"href":"https:\/\/archive.sana.sy\/es\/index.php?rest_route=%2Fwp%2Fv2%2Fcomments&post=307715"}],"version-history":[{"count":1,"href":"https:\/\/archive.sana.sy\/es\/index.php?rest_route=\/wp\/v2\/posts\/307715\/revisions"}],"predecessor-version":[{"id":307721,"href":"https:\/\/archive.sana.sy\/es\/index.php?rest_route=\/wp\/v2\/posts\/307715\/revisions\/307721"}],"wp:featuredmedia":[{"embeddable":true,"href":"https:\/\/archive.sana.sy\/es\/index.php?rest_route=\/wp\/v2\/media\/307720"}],"wp:attachment":[{"href":"https:\/\/archive.sana.sy\/es\/index.php?rest_route=%2Fwp%2Fv2%2Fmedia&parent=307715"}],"wp:term":[{"taxonomy":"category","embeddable":true,"href":"https:\/\/archive.sana.sy\/es\/index.php?rest_route=%2Fwp%2Fv2%2Fcategories&post=307715"},{"taxonomy":"post_tag","embeddable":true,"href":"https:\/\/archive.sana.sy\/es\/index.php?rest_route=%2Fwp%2Fv2%2Ftags&post=307715"}],"curies":[{"name":"wp","href":"https:\/\/api.w.org\/{rel}","templated":true}]}}