{"id":307722,"date":"2023-09-03T09:44:22","date_gmt":"2023-09-03T06:44:22","guid":{"rendered":"http:\/\/sana.sy\/es\/?p=307722"},"modified":"2023-09-03T09:44:22","modified_gmt":"2023-09-03T06:44:22","slug":"nuevo-crimen-colonos-israelies-cortan-olivos-de-los-palestinos-al-oeste-de-ramallah","status":"publish","type":"post","link":"https:\/\/archive.sana.sy\/es\/?p=307722","title":{"rendered":"Nuevo cr\u00edmen: Colonos israel\u00edes cortan olivos de los palestinos al oeste de Ramallah"},"content":{"rendered":"<blockquote>\n<p style=\"text-align: justify;\"><span style=\"color: #993300;\">La agencia palestina Wafa inform\u00f3 que los colonos irrumpieron en las tierras agr\u00edcolas del poblado, apoyados por varias excavadoras y protegidos por las fuerzas de ocupaci\u00f3n, y arrancaron varios<\/span><\/p>\n<\/blockquote>\n<p style=\"text-align: justify;\"><span style=\"color: #800000;\"><strong>Jerusal\u00e9n ocupada, 3 sep (SANA)<\/strong> <\/span>Colonos israel\u00edes atacaron hoy las tierras agr\u00edcolas palestinas en la localidad de Nal\u00edn, al oeste de la ciudad de Ramallah en Cisjordania, y arrancaron varios \u00e1rboles frutales.<\/p>\n<p style=\"text-align: justify;\">La agencia palestina Wafa inform\u00f3 que los colonos irrumpieron en las tierras agr\u00edcolas del poblado, apoyados por varias excavadoras y protegidos por las fuerzas de ocupaci\u00f3n, y arrancaron varios olivos.<\/p>\n<p style=\"text-align: justify;\">Por otro lado, las fuerzas de ocupaci\u00f3n arrestaron a dos palestinos al su paso por uno de sus puestos de control al norte de la ciudad de Jeric\u00f3.<\/p>\n<p style=\"text-align: justify;\">fm\/as<\/p>\n","protected":false},"excerpt":{"rendered":"<p>La agencia palestina Wafa inform\u00f3 que los colonos irrumpieron en las tierras agr\u00edcolas del poblado, apoyados por varias excavadoras y protegidos por las fuerzas de ocupaci\u00f3n, y arrancaron varios Jerusal\u00e9n ocupada, 3 sep (SANA) Colonos israel\u00edes atacaron hoy las tierras agr\u00edcolas palestinas en la localidad de Nal\u00edn, al oeste de la ciudad de Ramallah en &hellip;<\/p>\n","protected":false},"author":42,"featured_media":307723,"comment_status":"closed","ping_status":"closed","sticky":false,"template":"","format":"standard","meta":{"footnotes":""},"categories":[597,456,16687,20724],"tags":[],"class_list":["post-307722","post","type-post","status-publish","format-standard","has-post-thumbnail","","category-cinta-de-noticias","category-arabe-internacional-politica","category-internacionales","category-minuto-a-minuto"],"_links":{"self":[{"href":"https:\/\/archive.sana.sy\/es\/index.php?rest_route=\/wp\/v2\/posts\/307722"}],"collection":[{"href":"https:\/\/archive.sana.sy\/es\/index.php?rest_route=\/wp\/v2\/posts"}],"about":[{"href":"https:\/\/archive.sana.sy\/es\/index.php?rest_route=\/wp\/v2\/types\/post"}],"author":[{"embeddable":true,"href":"https:\/\/archive.sana.sy\/es\/index.php?rest_route=\/wp\/v2\/users\/42"}],"replies":[{"embeddable":true,"href":"https:\/\/archive.sana.sy\/es\/index.php?rest_route=%2Fwp%2Fv2%2Fcomments&post=307722"}],"version-history":[{"count":1,"href":"https:\/\/archive.sana.sy\/es\/index.php?rest_route=\/wp\/v2\/posts\/307722\/revisions"}],"predecessor-version":[{"id":307724,"href":"https:\/\/archive.sana.sy\/es\/index.php?rest_route=\/wp\/v2\/posts\/307722\/revisions\/307724"}],"wp:featuredmedia":[{"embeddable":true,"href":"https:\/\/archive.sana.sy\/es\/index.php?rest_route=\/wp\/v2\/media\/307723"}],"wp:attachment":[{"href":"https:\/\/archive.sana.sy\/es\/index.php?rest_route=%2Fwp%2Fv2%2Fmedia&parent=307722"}],"wp:term":[{"taxonomy":"category","embeddable":true,"href":"https:\/\/archive.sana.sy\/es\/index.php?rest_route=%2Fwp%2Fv2%2Fcategories&post=307722"},{"taxonomy":"post_tag","embeddable":true,"href":"https:\/\/archive.sana.sy\/es\/index.php?rest_route=%2Fwp%2Fv2%2Ftags&post=307722"}],"curies":[{"name":"wp","href":"https:\/\/api.w.org\/{rel}","templated":true}]}}