{"id":307738,"date":"2023-09-03T12:13:20","date_gmt":"2023-09-03T09:13:20","guid":{"rendered":"http:\/\/sana.sy\/es\/?p=307738"},"modified":"2023-09-03T12:13:20","modified_gmt":"2023-09-03T09:13:20","slug":"terroristas-asesinan-a-un-cuadro-del-partido-baath-en-el-sur-de-siria","status":"publish","type":"post","link":"https:\/\/archive.sana.sy\/es\/?p=307738","title":{"rendered":"Terroristas asesinan a un cuadro del partido Baath en el sur de Siria"},"content":{"rendered":"<blockquote>\n<p style=\"text-align: justify;\"><span style=\"color: #993300;\">El secretario provincial del partido Hussein Al-Rifai declar\u00f3 a nuestra agencia que los atacantes abrieron el fuego de sus armascontra Al-Fadhil mientras se dirig\u00eda al trabajo, lo que caus\u00f3 su muerte inmediata, y sucuerpo fue trasladado al Hospital Nacional de Nawa.<\/span><\/p>\n<\/blockquote>\n<p style=\"text-align: justify;\"><span style=\"color: #800000;\"><strong>Deraa, 3 sep (SANA)<\/strong> <\/span>Terroristas asesinaron hoy a Abdul-Ilah Al-Fadil, el miembro del secretariado del Partido Baath en la ciudad de Nawa, en la provincia de Deraa en el sur de Siria.<\/p>\n<p style=\"text-align: justify;\">El secretario provincial del partido Hussein Al-Rifai declar\u00f3 a nuestra agencia que los atacantes abrieron el fuego de sus armascontra Al-Fadhil mientras se dirig\u00eda al trabajo, lo que caus\u00f3 su muerte inmediata, y sucuerpo fue trasladado al Hospital Nacional de Nawa.<\/p>\n<p style=\"text-align: justify;\">&#8220;Los terroristas, que a\u00fan no saciaron sus deseos de sangre y asesinatos, asesinaron a un cuadro, conocido por su alta moral y su gran patriotismo&#8221;, dijo Al-Rifai.<\/p>\n<p style=\"text-align: justify;\">fm\/as<\/p>\n","protected":false},"excerpt":{"rendered":"<p>El secretario provincial del partido Hussein Al-Rifai declar\u00f3 a nuestra agencia que los atacantes abrieron el fuego de sus armascontra Al-Fadhil mientras se dirig\u00eda al trabajo, lo que caus\u00f3 su muerte inmediata, y sucuerpo fue trasladado al Hospital Nacional de Nawa. Deraa, 3 sep (SANA) Terroristas asesinaron hoy a Abdul-Ilah Al-Fadil, el miembro del secretariado &hellip;<\/p>\n","protected":false},"author":42,"featured_media":307739,"comment_status":"closed","ping_status":"closed","sticky":false,"template":"","format":"standard","meta":{"footnotes":""},"categories":[597,20724,476,16688,7541],"tags":[],"class_list":["post-307738","post","type-post","status-publish","format-standard","has-post-thumbnail","","category-cinta-de-noticias","category-minuto-a-minuto","category-locales","category-nacionales","category-ultimas-noticias"],"_links":{"self":[{"href":"https:\/\/archive.sana.sy\/es\/index.php?rest_route=\/wp\/v2\/posts\/307738"}],"collection":[{"href":"https:\/\/archive.sana.sy\/es\/index.php?rest_route=\/wp\/v2\/posts"}],"about":[{"href":"https:\/\/archive.sana.sy\/es\/index.php?rest_route=\/wp\/v2\/types\/post"}],"author":[{"embeddable":true,"href":"https:\/\/archive.sana.sy\/es\/index.php?rest_route=\/wp\/v2\/users\/42"}],"replies":[{"embeddable":true,"href":"https:\/\/archive.sana.sy\/es\/index.php?rest_route=%2Fwp%2Fv2%2Fcomments&post=307738"}],"version-history":[{"count":1,"href":"https:\/\/archive.sana.sy\/es\/index.php?rest_route=\/wp\/v2\/posts\/307738\/revisions"}],"predecessor-version":[{"id":307740,"href":"https:\/\/archive.sana.sy\/es\/index.php?rest_route=\/wp\/v2\/posts\/307738\/revisions\/307740"}],"wp:featuredmedia":[{"embeddable":true,"href":"https:\/\/archive.sana.sy\/es\/index.php?rest_route=\/wp\/v2\/media\/307739"}],"wp:attachment":[{"href":"https:\/\/archive.sana.sy\/es\/index.php?rest_route=%2Fwp%2Fv2%2Fmedia&parent=307738"}],"wp:term":[{"taxonomy":"category","embeddable":true,"href":"https:\/\/archive.sana.sy\/es\/index.php?rest_route=%2Fwp%2Fv2%2Fcategories&post=307738"},{"taxonomy":"post_tag","embeddable":true,"href":"https:\/\/archive.sana.sy\/es\/index.php?rest_route=%2Fwp%2Fv2%2Ftags&post=307738"}],"curies":[{"name":"wp","href":"https:\/\/api.w.org\/{rel}","templated":true}]}}