{"id":30774,"date":"2015-09-30T16:32:27","date_gmt":"2015-09-30T13:32:27","guid":{"rendered":"http:\/\/sana.sy\/es\/?p=30774"},"modified":"2015-09-30T17:08:19","modified_gmt":"2015-09-30T14:08:19","slug":"senado-de-rusia-autoriza-el-uso-de-las-fuerzas-aereas-en-el-extranjero","status":"publish","type":"post","link":"https:\/\/archive.sana.sy\/es\/?p=30774","title":{"rendered":"Senado de Rusia autoriza el uso de las Fuerzas A\u00e9reas en el extranjero"},"content":{"rendered":"<p><span style=\"color: #800000\">Mosc\u00fa, SANA<\/span><\/p>\n<p>La C\u00e1mara alta del Parlamento de Rusia aprob\u00f3 este mi\u00e9rcoles el uso de la Fuerzas A\u00e9reas en Siria.<\/p>\n<p>Seg\u00fan declar\u00f3 el Jefe de la Administraci\u00f3n del Kremlin, Sergu\u00e9i Ivanov, se trata exclusivamente del uso de las Fuerzas A\u00e9reas en Siria.<\/p>\n<p>Seg\u00fan Ivanov, Rusia no contempla la posibilidad de llevar a cabo las operaciones terrestres y la decisi\u00f3n de estudiar el uso de las Fuerzas Armadas rusas en Siria fue tomada despu\u00e9s de que el presidente sirio, Bashar al Assad, solicitara a Mosc\u00fa ayuda militar para la lucha contra los terroristas.<\/p>\n<p>Ivanov asever\u00f3 que el objetivo militar de la operaci\u00f3n es exclusivamente el apoyo a\u00e9reo de las fuerzas del Gobierno sirio en su lucha contra el Estado Isl\u00e1mico.<\/p>\n<p>Cabe resaltar que el presidente ruso, Vlad\u00edmir Putin, hab\u00eda pedido al Senado autorizar el uso de las Fuerzas Armadas en territorios de pa\u00edses extranjeros.<\/p>\n<p><span style=\"color: #0000ff\">Kosachev: acci\u00f3n militar rusa en Siria se limitar\u00e1 a operaciones\u00a0a\u00e9reas<\/span><\/p>\n<p>El jefe del Comit\u00e9 para Asuntos Internacionales del Consejo de Douma ruso, Konstant\u00edn Kosachev,asegur\u00f3 que la acci\u00f3n militar rusa en Siria se limitar\u00e1 a operativos a\u00e9reos pero en una estrecha coordinaci\u00f3n con los operativos terrestres que se llevan a cabo por el ej\u00e9rcito sirio.<\/p>\n<p>Kosachev hizo hincapi\u00e9 en que Rusia no se aventurar\u00e1 en un conflicto largo y pone en riesgo la vida de sus soldados en este juego.<\/p>\n<p>Asimismo se\u00f1al\u00f3 que su pa\u00eds seguir\u00e1 apoyando al ej\u00e9rcito sirio durante todo el tiempo de sus operativos.<\/p>\n<p>En el mismo contexto, el asesor del presidente Putin para Asuntos de Cooperaci\u00f3n militar-t\u00e9cnica destac\u00f3 la importancia de suministrar los equipos b\u00e9licos necesarios a Siria para luchar contra el terrorismo.<\/p>\n<p><span style=\"color: #0000ff\">Matviyenko: proteger la seguridad nacional de Rusia es el motivo principal detr\u00e1s de las operaciones a\u00e9reas rusas en Siria<\/span><\/p>\n<p>De igual manera, la presidenta del Senado ruso, Valentina Matviyenko afirm\u00f3 que la luz verde que dio el Consejo de la Federaci\u00f3n rusa para usar las FFAA rusas en Siria ha sido basada en la necesidad de frenar la expansi\u00f3n de la organizaci\u00f3n terrorista del Estado Isl\u00e1mico.<\/p>\n<p>La preservaci\u00f3n de la seguridad nacional de Rusia del peligro del EI ha sido el motivo principal de las operaciones rusas en Siria, declar\u00f3 este mi\u00e9rcoles a la prensa.<\/p>\n<p>El segundo motivo radica en salvaguardar al pueblo sirio y suprimir los peligros que est\u00e1n amenazando a la Rep\u00fablica \u00c1rabe Siria.<\/p>\n<p>&nbsp;<\/p>\n<p>Fady M., Hala B., Lynn A.<\/p>\n","protected":false},"excerpt":{"rendered":"<p>Mosc\u00fa, SANA La C\u00e1mara alta del Parlamento de Rusia aprob\u00f3 este mi\u00e9rcoles el uso de la Fuerzas A\u00e9reas en Siria. Seg\u00fan declar\u00f3 el Jefe de la Administraci\u00f3n del Kremlin, Sergu\u00e9i Ivanov, se trata exclusivamente del uso de las Fuerzas A\u00e9reas en Siria. Seg\u00fan Ivanov, Rusia no contempla la posibilidad de llevar a cabo las operaciones &hellip;<\/p>\n","protected":false},"author":1,"featured_media":30775,"comment_status":"closed","ping_status":"closed","sticky":false,"template":"","format":"standard","meta":{"footnotes":""},"categories":[456,457,576],"tags":[6827],"class_list":["post-30774","post","type-post","status-publish","format-standard","has-post-thumbnail","","category-arabe-internacional-politica","category-noticias-arabe-internacional-politica","category-noticias-politicas","tag-senado-de-rusia-autoriza-el-uso-de-las-fuerzas-aereas-en-el-extranjero"],"_links":{"self":[{"href":"https:\/\/archive.sana.sy\/es\/index.php?rest_route=\/wp\/v2\/posts\/30774"}],"collection":[{"href":"https:\/\/archive.sana.sy\/es\/index.php?rest_route=\/wp\/v2\/posts"}],"about":[{"href":"https:\/\/archive.sana.sy\/es\/index.php?rest_route=\/wp\/v2\/types\/post"}],"author":[{"embeddable":true,"href":"https:\/\/archive.sana.sy\/es\/index.php?rest_route=\/wp\/v2\/users\/1"}],"replies":[{"embeddable":true,"href":"https:\/\/archive.sana.sy\/es\/index.php?rest_route=%2Fwp%2Fv2%2Fcomments&post=30774"}],"version-history":[{"count":0,"href":"https:\/\/archive.sana.sy\/es\/index.php?rest_route=\/wp\/v2\/posts\/30774\/revisions"}],"wp:featuredmedia":[{"embeddable":true,"href":"https:\/\/archive.sana.sy\/es\/index.php?rest_route=\/wp\/v2\/media\/30775"}],"wp:attachment":[{"href":"https:\/\/archive.sana.sy\/es\/index.php?rest_route=%2Fwp%2Fv2%2Fmedia&parent=30774"}],"wp:term":[{"taxonomy":"category","embeddable":true,"href":"https:\/\/archive.sana.sy\/es\/index.php?rest_route=%2Fwp%2Fv2%2Fcategories&post=30774"},{"taxonomy":"post_tag","embeddable":true,"href":"https:\/\/archive.sana.sy\/es\/index.php?rest_route=%2Fwp%2Fv2%2Ftags&post=30774"}],"curies":[{"name":"wp","href":"https:\/\/api.w.org\/{rel}","templated":true}]}}