{"id":307755,"date":"2023-09-03T16:14:07","date_gmt":"2023-09-03T13:14:07","guid":{"rendered":"http:\/\/sana.sy\/es\/?p=307755"},"modified":"2023-09-03T16:14:07","modified_gmt":"2023-09-03T13:14:07","slug":"ejercito-sirio-repele-ataque-terrorista-en-alepo-y-derriba-drones-en-idlib-fotos","status":"publish","type":"post","link":"https:\/\/archive.sana.sy\/es\/?p=307755","title":{"rendered":"Ej\u00e9rcito sirio repele ataque terrorista en Alepo y derriba drones en Idlib (+ fotos)"},"content":{"rendered":"<p style=\"text-align: justify;\"><span style=\"color: #800000;\"><strong>Alepo, 3 sep (SANA)<\/strong><\/span> El Ministerio de Defensa de Siria anunci\u00f3 hoy que el Ej\u00e9rcito repeli\u00f3 un ataque terrorista en la provincia de Alepo en el norte del pa\u00eds, y difundi\u00f3 im\u00e1genes de drones, armas y blindados destruidos de los grupos terroristas.<\/p>\n<p style=\"text-align: justify;\">Unidades de nuestras Fuerzas Armadas que operan en las zonas rurales al oeste de Alepo frustraron un ataque de las agrupaciones terroristas, inform\u00f3 el ente castrense en su sitio web.<\/p>\n<p style=\"text-align: justify;\">Agreg\u00f3 que durante su fallido intento, los radicales sufrieron numerosas bajas en sus filas y p\u00e9rdidas en su material b\u00e9lico.<\/p>\n<p style=\"text-align: justify;\">\u201cFueron incautados fusiles autom\u00e1ticos y lanzadores de RPG y un veh\u00edculo blindado que los terroristas utilizaban para lanzar misiles\u201d, indic\u00f3 el comunicado.<\/p>\n<p style=\"text-align: justify;\">Asimismo, el Ministerio difundi\u00f3 im\u00e1genes de drones derribados en la provincia septentrional de Idlib y utilizados por los terroristas para atacar comunidades civiles y algunos puntos militares.<\/p>\n<div id='gallery-1' class='gallery galleryid-307755 gallery-columns-1 gallery-size-full'><figure class='gallery-item'>\n\t\t\t<div class='gallery-icon portrait'>\n\t\t\t\t<a href='https:\/\/archive.sana.sy\/es\/wp-content\/uploads\/2023\/09\/photo_2023-09-03_15-45-24.jpg'><img loading=\"lazy\" decoding=\"async\" width=\"958\" height=\"1280\" src=\"https:\/\/archive.sana.sy\/es\/wp-content\/uploads\/2023\/09\/photo_2023-09-03_15-45-24.jpg\" class=\"attachment-full size-full\" alt=\"\" srcset=\"https:\/\/archive.sana.sy\/es\/wp-content\/uploads\/2023\/09\/photo_2023-09-03_15-45-24.jpg 958w, https:\/\/archive.sana.sy\/es\/wp-content\/uploads\/2023\/09\/photo_2023-09-03_15-45-24-225x300.jpg 225w, https:\/\/archive.sana.sy\/es\/wp-content\/uploads\/2023\/09\/photo_2023-09-03_15-45-24-766x1024.jpg 766w, https:\/\/archive.sana.sy\/es\/wp-content\/uploads\/2023\/09\/photo_2023-09-03_15-45-24-112x150.jpg 112w, https:\/\/archive.sana.sy\/es\/wp-content\/uploads\/2023\/09\/photo_2023-09-03_15-45-24-768x1026.jpg 768w\" sizes=\"(max-width: 958px) 100vw, 958px\" \/><\/a>\n\t\t\t<\/div><\/figure><figure class='gallery-item'>\n\t\t\t<div class='gallery-icon portrait'>\n\t\t\t\t<a href='https:\/\/archive.sana.sy\/es\/wp-content\/uploads\/2023\/09\/photo_2023-09-03_15-45-27.jpg'><img loading=\"lazy\" decoding=\"async\" width=\"608\" height=\"1080\" src=\"https:\/\/archive.sana.sy\/es\/wp-content\/uploads\/2023\/09\/photo_2023-09-03_15-45-27.jpg\" class=\"attachment-full size-full\" alt=\"\" srcset=\"https:\/\/archive.sana.sy\/es\/wp-content\/uploads\/2023\/09\/photo_2023-09-03_15-45-27.jpg 608w, https:\/\/archive.sana.sy\/es\/wp-content\/uploads\/2023\/09\/photo_2023-09-03_15-45-27-169x300.jpg 169w, https:\/\/archive.sana.sy\/es\/wp-content\/uploads\/2023\/09\/photo_2023-09-03_15-45-27-576x1024.jpg 576w, https:\/\/archive.sana.sy\/es\/wp-content\/uploads\/2023\/09\/photo_2023-09-03_15-45-27-84x150.jpg 84w\" sizes=\"(max-width: 608px) 100vw, 608px\" \/><\/a>\n\t\t\t<\/div><\/figure><figure class='gallery-item'>\n\t\t\t<div class='gallery-icon portrait'>\n\t\t\t\t<a href='https:\/\/archive.sana.sy\/es\/wp-content\/uploads\/2023\/09\/photo_2023-09-03_15-45-29.jpg'><img loading=\"lazy\" decoding=\"async\" width=\"692\" height=\"1080\" src=\"https:\/\/archive.sana.sy\/es\/wp-content\/uploads\/2023\/09\/photo_2023-09-03_15-45-29.jpg\" class=\"attachment-full size-full\" alt=\"\" srcset=\"https:\/\/archive.sana.sy\/es\/wp-content\/uploads\/2023\/09\/photo_2023-09-03_15-45-29.jpg 692w, https:\/\/archive.sana.sy\/es\/wp-content\/uploads\/2023\/09\/photo_2023-09-03_15-45-29-192x300.jpg 192w, https:\/\/archive.sana.sy\/es\/wp-content\/uploads\/2023\/09\/photo_2023-09-03_15-45-29-656x1024.jpg 656w, https:\/\/archive.sana.sy\/es\/wp-content\/uploads\/2023\/09\/photo_2023-09-03_15-45-29-96x150.jpg 96w\" sizes=\"(max-width: 692px) 100vw, 692px\" \/><\/a>\n\t\t\t<\/div><\/figure><figure class='gallery-item'>\n\t\t\t<div class='gallery-icon portrait'>\n\t\t\t\t<a href='https:\/\/archive.sana.sy\/es\/wp-content\/uploads\/2023\/09\/photo_2023-09-03_15-50-09.jpg'><img loading=\"lazy\" decoding=\"async\" width=\"608\" height=\"1080\" src=\"https:\/\/archive.sana.sy\/es\/wp-content\/uploads\/2023\/09\/photo_2023-09-03_15-50-09.jpg\" class=\"attachment-full size-full\" alt=\"\" srcset=\"https:\/\/archive.sana.sy\/es\/wp-content\/uploads\/2023\/09\/photo_2023-09-03_15-50-09.jpg 608w, https:\/\/archive.sana.sy\/es\/wp-content\/uploads\/2023\/09\/photo_2023-09-03_15-50-09-169x300.jpg 169w, https:\/\/archive.sana.sy\/es\/wp-content\/uploads\/2023\/09\/photo_2023-09-03_15-50-09-576x1024.jpg 576w, https:\/\/archive.sana.sy\/es\/wp-content\/uploads\/2023\/09\/photo_2023-09-03_15-50-09-84x150.jpg 84w\" sizes=\"(max-width: 608px) 100vw, 608px\" \/><\/a>\n\t\t\t<\/div><\/figure>\n\t\t<\/div>\n\n<p style=\"text-align: justify;\">fm\/as<\/p>\n","protected":false},"excerpt":{"rendered":"<p>Alepo, 3 sep (SANA) El Ministerio de Defensa de Siria anunci\u00f3 hoy que el Ej\u00e9rcito repeli\u00f3 un ataque terrorista en la provincia de Alepo en el norte del pa\u00eds, y difundi\u00f3 im\u00e1genes de drones, armas y blindados destruidos de los grupos terroristas. Unidades de nuestras Fuerzas Armadas que operan en las zonas rurales al oeste &hellip;<\/p>\n","protected":false},"author":42,"featured_media":307760,"comment_status":"closed","ping_status":"closed","sticky":false,"template":"","format":"standard","meta":{"footnotes":""},"categories":[597,20724,476,16688,583],"tags":[],"class_list":["post-307755","post","type-post","status-publish","format-standard","has-post-thumbnail","","category-cinta-de-noticias","category-minuto-a-minuto","category-locales","category-nacionales","category-slide"],"_links":{"self":[{"href":"https:\/\/archive.sana.sy\/es\/index.php?rest_route=\/wp\/v2\/posts\/307755"}],"collection":[{"href":"https:\/\/archive.sana.sy\/es\/index.php?rest_route=\/wp\/v2\/posts"}],"about":[{"href":"https:\/\/archive.sana.sy\/es\/index.php?rest_route=\/wp\/v2\/types\/post"}],"author":[{"embeddable":true,"href":"https:\/\/archive.sana.sy\/es\/index.php?rest_route=\/wp\/v2\/users\/42"}],"replies":[{"embeddable":true,"href":"https:\/\/archive.sana.sy\/es\/index.php?rest_route=%2Fwp%2Fv2%2Fcomments&post=307755"}],"version-history":[{"count":1,"href":"https:\/\/archive.sana.sy\/es\/index.php?rest_route=\/wp\/v2\/posts\/307755\/revisions"}],"predecessor-version":[{"id":307761,"href":"https:\/\/archive.sana.sy\/es\/index.php?rest_route=\/wp\/v2\/posts\/307755\/revisions\/307761"}],"wp:featuredmedia":[{"embeddable":true,"href":"https:\/\/archive.sana.sy\/es\/index.php?rest_route=\/wp\/v2\/media\/307760"}],"wp:attachment":[{"href":"https:\/\/archive.sana.sy\/es\/index.php?rest_route=%2Fwp%2Fv2%2Fmedia&parent=307755"}],"wp:term":[{"taxonomy":"category","embeddable":true,"href":"https:\/\/archive.sana.sy\/es\/index.php?rest_route=%2Fwp%2Fv2%2Fcategories&post=307755"},{"taxonomy":"post_tag","embeddable":true,"href":"https:\/\/archive.sana.sy\/es\/index.php?rest_route=%2Fwp%2Fv2%2Ftags&post=307755"}],"curies":[{"name":"wp","href":"https:\/\/api.w.org\/{rel}","templated":true}]}}