{"id":307765,"date":"2023-09-03T18:28:50","date_gmt":"2023-09-03T15:28:50","guid":{"rendered":"http:\/\/sana.sy\/es\/?p=307765"},"modified":"2023-09-03T18:31:19","modified_gmt":"2023-09-03T15:31:19","slug":"milicia-separatista-proestadounidense-se-apodera-de-un-centro-cultural-en-siria","status":"publish","type":"post","link":"https:\/\/archive.sana.sy\/es\/?p=307765","title":{"rendered":"Milicia separatista proestadounidense se apodera de un centro cultural en Siria"},"content":{"rendered":"<p style=\"text-align: justify;\"><span style=\"color: #800000;\"><strong>Hasakeh, 03 sep (SANA)\u00a0<\/strong> <\/span>La milicia proestadounidense \u201cFuerzas Democr\u00e1ticas Sirias\u201d (FDS) se ha apoderado hoy de la sede del Centro Cultural de la ciudad de Qamishli, en la provincia nororiental de Hasakeh.<\/p>\n<p style=\"text-align: justify;\">El director del Instituto de Cultura Popular en la referida urbe, Fahd Al-Qate, comunic\u00f3 al corresponsal de SANA que armados de esta milicia se concentraron frente al Centro e impidieron la entrada de trabajadores y los amenazaron.<\/p>\n<p style=\"text-align: justify;\">La toma del Centro por las FDS se realiza en el marco de los planes separatistas de esta formaci\u00f3n ilegal, y sus continuas violaciones al servicio de la agenda de su patrocinador, Estados Unidos.<\/p>\n<p style=\"text-align: justify;\">Es de se\u00f1alar que FDS se apoder\u00f3 en los \u00faltimos a\u00f1os de decenas de sedes e instituciones gubernamentales con diversas especializaciones.<\/p>\n<p style=\"text-align: justify;\">rr\/fm<\/p>\n","protected":false},"excerpt":{"rendered":"<p>Hasakeh, 03 sep (SANA)\u00a0 La milicia proestadounidense \u201cFuerzas Democr\u00e1ticas Sirias\u201d (FDS) se ha apoderado hoy de la sede del Centro Cultural de la ciudad de Qamishli, en la provincia nororiental de Hasakeh. El director del Instituto de Cultura Popular en la referida urbe, Fahd Al-Qate, comunic\u00f3 al corresponsal de SANA que armados de esta milicia &hellip;<\/p>\n","protected":false},"author":31,"featured_media":307766,"comment_status":"closed","ping_status":"closed","sticky":false,"template":"","format":"standard","meta":{"footnotes":""},"categories":[477,597,573,476,7541],"tags":[7132,19605,19935,6553],"class_list":["post-307765","post","type-post","status-publish","format-standard","has-post-thumbnail","","category-noticias-edulcorantes","category-cinta-de-noticias","category-la-realidad-de-los-acontecimientos-en-siria","category-locales","category-ultimas-noticias","tag-eeuu","tag-fds","tag-milicia","tag-siria"],"_links":{"self":[{"href":"https:\/\/archive.sana.sy\/es\/index.php?rest_route=\/wp\/v2\/posts\/307765"}],"collection":[{"href":"https:\/\/archive.sana.sy\/es\/index.php?rest_route=\/wp\/v2\/posts"}],"about":[{"href":"https:\/\/archive.sana.sy\/es\/index.php?rest_route=\/wp\/v2\/types\/post"}],"author":[{"embeddable":true,"href":"https:\/\/archive.sana.sy\/es\/index.php?rest_route=\/wp\/v2\/users\/31"}],"replies":[{"embeddable":true,"href":"https:\/\/archive.sana.sy\/es\/index.php?rest_route=%2Fwp%2Fv2%2Fcomments&post=307765"}],"version-history":[{"count":1,"href":"https:\/\/archive.sana.sy\/es\/index.php?rest_route=\/wp\/v2\/posts\/307765\/revisions"}],"predecessor-version":[{"id":307767,"href":"https:\/\/archive.sana.sy\/es\/index.php?rest_route=\/wp\/v2\/posts\/307765\/revisions\/307767"}],"wp:featuredmedia":[{"embeddable":true,"href":"https:\/\/archive.sana.sy\/es\/index.php?rest_route=\/wp\/v2\/media\/307766"}],"wp:attachment":[{"href":"https:\/\/archive.sana.sy\/es\/index.php?rest_route=%2Fwp%2Fv2%2Fmedia&parent=307765"}],"wp:term":[{"taxonomy":"category","embeddable":true,"href":"https:\/\/archive.sana.sy\/es\/index.php?rest_route=%2Fwp%2Fv2%2Fcategories&post=307765"},{"taxonomy":"post_tag","embeddable":true,"href":"https:\/\/archive.sana.sy\/es\/index.php?rest_route=%2Fwp%2Fv2%2Ftags&post=307765"}],"curies":[{"name":"wp","href":"https:\/\/api.w.org\/{rel}","templated":true}]}}