{"id":30777,"date":"2015-09-30T22:37:39","date_gmt":"2015-09-30T19:37:39","guid":{"rendered":"http:\/\/sana.sy\/es\/?p=30777"},"modified":"2015-10-01T13:28:27","modified_gmt":"2015-10-01T10:28:27","slug":"ejercito-bombardea-a-sedes-de-las-organizaciones-terroristas-alepo-hama-y-quneitra","status":"publish","type":"post","link":"https:\/\/archive.sana.sy\/es\/?p=30777","title":{"rendered":"Ej\u00e9rcito bombardea a sedes de las organizaciones terroristas Alepo, Hama y Quneitra"},"content":{"rendered":"<p style=\"text-align: justify\"><span style=\"color: #800000\">Provincias, SANA-\u00a0<\/span>Unidades del ej\u00e9rcito y de las fuerzas armadas llevaron a cabo operaciones militares como parte de la guerra contra el terrorismo takfirista.<\/p>\n<p style=\"text-align: justify\"><span style=\"color: #0000ff\">Alepo<\/span><\/p>\n<p style=\"text-align: justify\">En la ciudad de Alepo y su campo, las fuerzas armadas destruyeron a sedes y l\u00edneas de suministro de las bandas terroristas en las zonas donde se atrincheran las bandas terroristas del Ej\u00e9rcito de Reconquista, el Frente al-Nousra y el Estado Isl\u00e1mico.<\/p>\n<p style=\"text-align: justify\">Seg\u00fan una fuente militar en Alepo, m\u00e1s de 30 terroristas fueron eliminados en las operaciones militares, adem\u00e1s de la destrucci\u00f3n de veh\u00edculos blindados y artillados.<\/p>\n<p style=\"text-align: justify\"><span style=\"color: #0000ff\">Hama<\/span><\/p>\n<p style=\"text-align: justify\">En Hama, el ej\u00e9rcito intensific\u00f3 sus operaciones antiterroristas contra los cuarteles de los terroristas del &#8220;Frente al-Nousra&#8221; y de las dem\u00e1s organizaciones terroristas.<\/p>\n<p style=\"text-align: justify\">Seg\u00fan fuentes castrenses, una unidad del ej\u00e9rcito destruy\u00f3 a dos veh\u00edculos artillados en un camino agr\u00edcola entre las localidades de Keferzeita y Zakah, en el campo norte de la provincia.<\/p>\n<p style=\"text-align: justify\">Asimismo, los cazas de combate del ej\u00e9rcito sirio bombardearon posiciones del grupo terrorista Estado Isl\u00e1mico al este de la localidad de Murek en la zona rural de la urbe.<\/p>\n<p style=\"text-align: justify\"><span style=\"color: #0000ff\">Quneitra<\/span><\/p>\n<p style=\"text-align: justify\">A todo ello, las fuerzas armadas, en cooperaci\u00f3n con los grupos de Defensa Popular, han continuado sus operaciones militares en campo norte de la provincia de Quneitra.<\/p>\n<p style=\"text-align: justify\"><span style=\"color: #0000ff\">Darra<\/span><\/p>\n<p style=\"text-align: justify\">En la provincia sure\u00f1a de Darra una unidad militar liber\u00f3 un operativo anti-terrorista contra agrupaciones del grupo terrorista Frente al-Nusra, dejando significativas p\u00e9rdida en sus filas en el barrio Darra al-Balad, seg\u00fan confirm\u00f3 una fuente sobre terreno.<\/p>\n<p style=\"text-align: justify\">En la zona rural de la ciudad, unidades militares acabaron con la vida de un n\u00famero de yihadista y hieren a otros en la colina al-Harra al oeste de la ciudad y en las aldeas de Akraba y Gerbet Gazalen situadas en el campo oriental de la urbe, seg\u00fan inform\u00f3 el corresponsal de SANA.<\/p>\n<p style=\"text-align: justify\"><span style=\"color: #0000ff\">Homs<\/span><\/p>\n<p style=\"text-align: justify\">En la zona rural de la provincia de Homs, la aviaci\u00f3n militar bombarde\u00f3 varias posiciones del (EI) en la periferia del campo petrol\u00edfero de Shaer situado al noroeste del ciudad de Palmira, dejando grandes p\u00e9rdidas en la filas de los terroristas tanto humanas como materiales.<\/p>\n<p style=\"text-align: justify\">Las operaciones a\u00e9reas alcanzaron tambi\u00e9n agrupaciones terroristas en la aldea de Hannura y la ciudad de al-Qaryetin que se encuentra bajo el control del grupo terrorista del Estado Isl\u00e1mico.<\/p>\n<p style=\"text-align: justify\">De igual manera, los escondites de los terroristas del tanto del (EI) como del (frente al-Nusra) han sido blancos de los cazas de combates del ej\u00e9rcito el monte al-Ken que se encuentra a 24 k\/m al norte de la ciudad de Homs.<\/p>\n<p><span style=\"color: #00ccff\"><span style=\"color: #333333\">Fady M., Hala B., M.Miri<\/span><\/span><\/p>\n","protected":false},"excerpt":{"rendered":"<p>Provincias, SANA-\u00a0Unidades del ej\u00e9rcito y de las fuerzas armadas llevaron a cabo operaciones militares como parte de la guerra contra el terrorismo takfirista. Alepo En la ciudad de Alepo y su campo, las fuerzas armadas destruyeron a sedes y l\u00edneas de suministro de las bandas terroristas en las zonas donde se atrincheran las bandas terroristas &hellip;<\/p>\n","protected":false},"author":1,"featured_media":30778,"comment_status":"closed","ping_status":"closed","sticky":false,"template":"","format":"standard","meta":{"footnotes":""},"categories":[573,457],"tags":[6828,6829],"class_list":["post-30777","post","type-post","status-publish","format-standard","has-post-thumbnail","","category-la-realidad-de-los-acontecimientos-en-siria","category-noticias-arabe-internacional-politica","tag-ejercito-bombardea-a-sedes-de-las-organizaciones-terroristas-alepo","tag-hama-y-quneitra"],"_links":{"self":[{"href":"https:\/\/archive.sana.sy\/es\/index.php?rest_route=\/wp\/v2\/posts\/30777"}],"collection":[{"href":"https:\/\/archive.sana.sy\/es\/index.php?rest_route=\/wp\/v2\/posts"}],"about":[{"href":"https:\/\/archive.sana.sy\/es\/index.php?rest_route=\/wp\/v2\/types\/post"}],"author":[{"embeddable":true,"href":"https:\/\/archive.sana.sy\/es\/index.php?rest_route=\/wp\/v2\/users\/1"}],"replies":[{"embeddable":true,"href":"https:\/\/archive.sana.sy\/es\/index.php?rest_route=%2Fwp%2Fv2%2Fcomments&post=30777"}],"version-history":[{"count":0,"href":"https:\/\/archive.sana.sy\/es\/index.php?rest_route=\/wp\/v2\/posts\/30777\/revisions"}],"wp:featuredmedia":[{"embeddable":true,"href":"https:\/\/archive.sana.sy\/es\/index.php?rest_route=\/wp\/v2\/media\/30778"}],"wp:attachment":[{"href":"https:\/\/archive.sana.sy\/es\/index.php?rest_route=%2Fwp%2Fv2%2Fmedia&parent=30777"}],"wp:term":[{"taxonomy":"category","embeddable":true,"href":"https:\/\/archive.sana.sy\/es\/index.php?rest_route=%2Fwp%2Fv2%2Fcategories&post=30777"},{"taxonomy":"post_tag","embeddable":true,"href":"https:\/\/archive.sana.sy\/es\/index.php?rest_route=%2Fwp%2Fv2%2Ftags&post=30777"}],"curies":[{"name":"wp","href":"https:\/\/api.w.org\/{rel}","templated":true}]}}