{"id":307773,"date":"2023-09-03T09:20:09","date_gmt":"2023-09-03T06:20:09","guid":{"rendered":"http:\/\/sana.sy\/es\/?p=307773"},"modified":"2023-09-10T19:17:17","modified_gmt":"2023-09-10T16:17:17","slug":"comienzan-cosecha-de-almendra-en-provincia-de-sweida-fotos","status":"publish","type":"post","link":"https:\/\/archive.sana.sy\/es\/?p=307773","title":{"rendered":"Comienza cosecha de almendras en provincia de Sweida (+fotos)"},"content":{"rendered":"<p style=\"text-align: justify;\"><span style=\"color: #800000;\"><strong>Sweida, 03 sep (SANA)\u00a0<\/strong> <\/span>Los agricultores de la gobernaci\u00f3n de Sweida en el sudeste de Siria comenzaron hoy la recogida de almendras.<\/p>\n<p style=\"text-align: justify;\">El director de Agricultura de Sweida, Ayham Hamed, comunic\u00f3 a SANA que la cosecha de almendras comenz\u00f3 actualmente en las zonas de menor altitud, y se ampliar\u00e1n sucesivamente al resto de zonas cultivadas de este fruto en los pr\u00f3ximos d\u00edas.<\/p>\n<p style=\"text-align: justify;\">\u201cSe estima producir este a\u00f1o 2.921 toneladas de almendras\u201d, detall\u00f3.<\/p>\n<p style=\"text-align: justify;\">Indic\u00f3 que el \u00e1rea total sembrada de almendros en la gobernaci\u00f3n sure\u00f1a es de unos 2800 hect\u00e1reas con 745 mil \u00e1rboles, de los cuales 589 mil fruct\u00edferos.<\/p>\n<div id='gallery-1' class='gallery galleryid-307773 gallery-columns-1 gallery-size-full'><figure class='gallery-item'>\n\t\t\t<div class='gallery-icon landscape'>\n\t\t\t\t<a href='https:\/\/archive.sana.sy\/es\/wp-content\/uploads\/2023\/09\/1-2-scaled.jpg'><img loading=\"lazy\" decoding=\"async\" width=\"2560\" height=\"1920\" src=\"https:\/\/archive.sana.sy\/es\/wp-content\/uploads\/2023\/09\/1-2-scaled.jpg\" class=\"attachment-full size-full\" alt=\"\" srcset=\"https:\/\/archive.sana.sy\/es\/wp-content\/uploads\/2023\/09\/1-2-scaled.jpg 2560w, https:\/\/archive.sana.sy\/es\/wp-content\/uploads\/2023\/09\/1-2-300x225.jpg 300w, https:\/\/archive.sana.sy\/es\/wp-content\/uploads\/2023\/09\/1-2-1024x768.jpg 1024w, https:\/\/archive.sana.sy\/es\/wp-content\/uploads\/2023\/09\/1-2-150x112.jpg 150w, https:\/\/archive.sana.sy\/es\/wp-content\/uploads\/2023\/09\/1-2-768x576.jpg 768w, https:\/\/archive.sana.sy\/es\/wp-content\/uploads\/2023\/09\/1-2-1536x1152.jpg 1536w, https:\/\/archive.sana.sy\/es\/wp-content\/uploads\/2023\/09\/1-2-2048x1536.jpg 2048w\" sizes=\"(max-width: 2560px) 100vw, 2560px\" \/><\/a>\n\t\t\t<\/div><\/figure><figure class='gallery-item'>\n\t\t\t<div class='gallery-icon landscape'>\n\t\t\t\t<a href='https:\/\/archive.sana.sy\/es\/wp-content\/uploads\/2023\/09\/6-scaled.jpg'><img loading=\"lazy\" decoding=\"async\" width=\"2560\" height=\"1920\" src=\"https:\/\/archive.sana.sy\/es\/wp-content\/uploads\/2023\/09\/6-scaled.jpg\" class=\"attachment-full size-full\" alt=\"\" srcset=\"https:\/\/archive.sana.sy\/es\/wp-content\/uploads\/2023\/09\/6-scaled.jpg 2560w, https:\/\/archive.sana.sy\/es\/wp-content\/uploads\/2023\/09\/6-300x225.jpg 300w, https:\/\/archive.sana.sy\/es\/wp-content\/uploads\/2023\/09\/6-1024x768.jpg 1024w, https:\/\/archive.sana.sy\/es\/wp-content\/uploads\/2023\/09\/6-150x112.jpg 150w, https:\/\/archive.sana.sy\/es\/wp-content\/uploads\/2023\/09\/6-768x576.jpg 768w, https:\/\/archive.sana.sy\/es\/wp-content\/uploads\/2023\/09\/6-1536x1152.jpg 1536w, https:\/\/archive.sana.sy\/es\/wp-content\/uploads\/2023\/09\/6-2048x1536.jpg 2048w\" sizes=\"(max-width: 2560px) 100vw, 2560px\" \/><\/a>\n\t\t\t<\/div><\/figure><figure class='gallery-item'>\n\t\t\t<div class='gallery-icon landscape'>\n\t\t\t\t<a href='https:\/\/archive.sana.sy\/es\/wp-content\/uploads\/2023\/09\/11-scaled.jpg'><img loading=\"lazy\" decoding=\"async\" width=\"2560\" height=\"1920\" src=\"https:\/\/archive.sana.sy\/es\/wp-content\/uploads\/2023\/09\/11-scaled.jpg\" class=\"attachment-full size-full\" alt=\"\" srcset=\"https:\/\/archive.sana.sy\/es\/wp-content\/uploads\/2023\/09\/11-scaled.jpg 2560w, https:\/\/archive.sana.sy\/es\/wp-content\/uploads\/2023\/09\/11-300x225.jpg 300w, https:\/\/archive.sana.sy\/es\/wp-content\/uploads\/2023\/09\/11-1024x768.jpg 1024w, https:\/\/archive.sana.sy\/es\/wp-content\/uploads\/2023\/09\/11-150x112.jpg 150w, https:\/\/archive.sana.sy\/es\/wp-content\/uploads\/2023\/09\/11-768x576.jpg 768w, https:\/\/archive.sana.sy\/es\/wp-content\/uploads\/2023\/09\/11-1536x1152.jpg 1536w, https:\/\/archive.sana.sy\/es\/wp-content\/uploads\/2023\/09\/11-2048x1536.jpg 2048w\" sizes=\"(max-width: 2560px) 100vw, 2560px\" \/><\/a>\n\t\t\t<\/div><\/figure><figure class='gallery-item'>\n\t\t\t<div class='gallery-icon landscape'>\n\t\t\t\t<a href='https:\/\/archive.sana.sy\/es\/wp-content\/uploads\/2023\/09\/15-scaled.jpg'><img loading=\"lazy\" decoding=\"async\" width=\"2560\" height=\"1920\" src=\"https:\/\/archive.sana.sy\/es\/wp-content\/uploads\/2023\/09\/15-scaled.jpg\" class=\"attachment-full size-full\" alt=\"\" srcset=\"https:\/\/archive.sana.sy\/es\/wp-content\/uploads\/2023\/09\/15-scaled.jpg 2560w, https:\/\/archive.sana.sy\/es\/wp-content\/uploads\/2023\/09\/15-300x225.jpg 300w, https:\/\/archive.sana.sy\/es\/wp-content\/uploads\/2023\/09\/15-1024x768.jpg 1024w, https:\/\/archive.sana.sy\/es\/wp-content\/uploads\/2023\/09\/15-150x112.jpg 150w, https:\/\/archive.sana.sy\/es\/wp-content\/uploads\/2023\/09\/15-768x576.jpg 768w, https:\/\/archive.sana.sy\/es\/wp-content\/uploads\/2023\/09\/15-1536x1152.jpg 1536w, https:\/\/archive.sana.sy\/es\/wp-content\/uploads\/2023\/09\/15-2048x1536.jpg 2048w\" sizes=\"(max-width: 2560px) 100vw, 2560px\" \/><\/a>\n\t\t\t<\/div><\/figure>\n\t\t<\/div>\n\n<p style=\"text-align: justify;\">rr\/fm<\/p>\n","protected":false},"excerpt":{"rendered":"<p>Sweida, 03 sep (SANA)\u00a0 Los agricultores de la gobernaci\u00f3n de Sweida en el sudeste de Siria comenzaron hoy la recogida de almendras. El director de Agricultura de Sweida, Ayham Hamed, comunic\u00f3 a SANA que la cosecha de almendras comenz\u00f3 actualmente en las zonas de menor altitud, y se ampliar\u00e1n sucesivamente al resto de zonas cultivadas &hellip;<\/p>\n","protected":false},"author":31,"featured_media":307774,"comment_status":"closed","ping_status":"closed","sticky":false,"template":"","format":"standard","meta":{"footnotes":""},"categories":[597,16686,483,485,476,583],"tags":[],"class_list":["post-307773","post","type-post","status-publish","format-standard","has-post-thumbnail","","category-cinta-de-noticias","category-economia","category-negocios-y-finanzas","category-informes-negocios-y-finanzas","category-locales","category-slide"],"_links":{"self":[{"href":"https:\/\/archive.sana.sy\/es\/index.php?rest_route=\/wp\/v2\/posts\/307773"}],"collection":[{"href":"https:\/\/archive.sana.sy\/es\/index.php?rest_route=\/wp\/v2\/posts"}],"about":[{"href":"https:\/\/archive.sana.sy\/es\/index.php?rest_route=\/wp\/v2\/types\/post"}],"author":[{"embeddable":true,"href":"https:\/\/archive.sana.sy\/es\/index.php?rest_route=\/wp\/v2\/users\/31"}],"replies":[{"embeddable":true,"href":"https:\/\/archive.sana.sy\/es\/index.php?rest_route=%2Fwp%2Fv2%2Fcomments&post=307773"}],"version-history":[{"count":7,"href":"https:\/\/archive.sana.sy\/es\/index.php?rest_route=\/wp\/v2\/posts\/307773\/revisions"}],"predecessor-version":[{"id":308293,"href":"https:\/\/archive.sana.sy\/es\/index.php?rest_route=\/wp\/v2\/posts\/307773\/revisions\/308293"}],"wp:featuredmedia":[{"embeddable":true,"href":"https:\/\/archive.sana.sy\/es\/index.php?rest_route=\/wp\/v2\/media\/307774"}],"wp:attachment":[{"href":"https:\/\/archive.sana.sy\/es\/index.php?rest_route=%2Fwp%2Fv2%2Fmedia&parent=307773"}],"wp:term":[{"taxonomy":"category","embeddable":true,"href":"https:\/\/archive.sana.sy\/es\/index.php?rest_route=%2Fwp%2Fv2%2Fcategories&post=307773"},{"taxonomy":"post_tag","embeddable":true,"href":"https:\/\/archive.sana.sy\/es\/index.php?rest_route=%2Fwp%2Fv2%2Ftags&post=307773"}],"curies":[{"name":"wp","href":"https:\/\/api.w.org\/{rel}","templated":true}]}}