{"id":307783,"date":"2023-09-03T20:59:47","date_gmt":"2023-09-03T17:59:47","guid":{"rendered":"http:\/\/sana.sy\/es\/?p=307783"},"modified":"2023-09-03T20:59:47","modified_gmt":"2023-09-03T17:59:47","slug":"teheran-insta-a-respetar-la-soberania-e-integridad-territorial-de-siria","status":"publish","type":"post","link":"https:\/\/archive.sana.sy\/es\/?p=307783","title":{"rendered":"Teher\u00e1n insta a respetar la soberan\u00eda e integridad territorial de Siria"},"content":{"rendered":"<p style=\"text-align: justify;\"><span style=\"color: #800000;\"><strong>Teher\u00e1n, 03 sep (SANA)\u00a0 \u00a0<\/strong><\/span>El ministro de Asuntos Exteriores iran\u00ed, Hossein Amir Abdollahian, pidi\u00f3 que se respetara la soberan\u00eda y la integridad territorial de Siria.<\/p>\n<p style=\"text-align: justify;\">Esta postura fue expresada hoy por el canciller iran\u00ed en una conferencia de prensa conjunta con su hom\u00f3logo turco, Hakan Fidan, en Teher\u00e1n, la capital iran\u00ed.<\/p>\n<p style=\"text-align: justify;\">Asimismo, destac\u00f3 que la presencia de la entidad sionista no ha resultado en nada m\u00e1s que los conflictos, la divisi\u00f3n e inestabilidad en la regi\u00f3n.<\/p>\n<p style=\"text-align: justify;\">Seg\u00fan el jefe de la diplomacia persa, Teher\u00e1n se opone a cualquier cambio geopol\u00edtico en la regi\u00f3n y a las restricciones a las rutas de tr\u00e1nsito hist\u00f3ricas existentes all\u00ed.<\/p>\n<p style=\"text-align: justify;\">rr\/fm<\/p>\n","protected":false},"excerpt":{"rendered":"<p>Teher\u00e1n, 03 sep (SANA)\u00a0 \u00a0El ministro de Asuntos Exteriores iran\u00ed, Hossein Amir Abdollahian, pidi\u00f3 que se respetara la soberan\u00eda y la integridad territorial de Siria. Esta postura fue expresada hoy por el canciller iran\u00ed en una conferencia de prensa conjunta con su hom\u00f3logo turco, Hakan Fidan, en Teher\u00e1n, la capital iran\u00ed. Asimismo, destac\u00f3 que la &hellip;<\/p>\n","protected":false},"author":31,"featured_media":307785,"comment_status":"closed","ping_status":"closed","sticky":false,"template":"","format":"standard","meta":{"footnotes":""},"categories":[597,467,7541],"tags":[2866,6553],"class_list":["post-307783","post","type-post","status-publish","format-standard","has-post-thumbnail","","category-cinta-de-noticias","category-siria-y-el-mundo","category-ultimas-noticias","tag-iran","tag-siria"],"_links":{"self":[{"href":"https:\/\/archive.sana.sy\/es\/index.php?rest_route=\/wp\/v2\/posts\/307783"}],"collection":[{"href":"https:\/\/archive.sana.sy\/es\/index.php?rest_route=\/wp\/v2\/posts"}],"about":[{"href":"https:\/\/archive.sana.sy\/es\/index.php?rest_route=\/wp\/v2\/types\/post"}],"author":[{"embeddable":true,"href":"https:\/\/archive.sana.sy\/es\/index.php?rest_route=\/wp\/v2\/users\/31"}],"replies":[{"embeddable":true,"href":"https:\/\/archive.sana.sy\/es\/index.php?rest_route=%2Fwp%2Fv2%2Fcomments&post=307783"}],"version-history":[{"count":1,"href":"https:\/\/archive.sana.sy\/es\/index.php?rest_route=\/wp\/v2\/posts\/307783\/revisions"}],"predecessor-version":[{"id":307787,"href":"https:\/\/archive.sana.sy\/es\/index.php?rest_route=\/wp\/v2\/posts\/307783\/revisions\/307787"}],"wp:featuredmedia":[{"embeddable":true,"href":"https:\/\/archive.sana.sy\/es\/index.php?rest_route=\/wp\/v2\/media\/307785"}],"wp:attachment":[{"href":"https:\/\/archive.sana.sy\/es\/index.php?rest_route=%2Fwp%2Fv2%2Fmedia&parent=307783"}],"wp:term":[{"taxonomy":"category","embeddable":true,"href":"https:\/\/archive.sana.sy\/es\/index.php?rest_route=%2Fwp%2Fv2%2Fcategories&post=307783"},{"taxonomy":"post_tag","embeddable":true,"href":"https:\/\/archive.sana.sy\/es\/index.php?rest_route=%2Fwp%2Fv2%2Ftags&post=307783"}],"curies":[{"name":"wp","href":"https:\/\/api.w.org\/{rel}","templated":true}]}}