{"id":30780,"date":"2015-09-30T15:09:37","date_gmt":"2015-09-30T12:09:37","guid":{"rendered":"http:\/\/sana.sy\/es\/?p=30780"},"modified":"2015-10-01T17:48:19","modified_gmt":"2015-10-01T14:48:19","slug":"damasco-el-envio-de-fuerza-aerea-rusa-a-siria-fue-a-peticion-del-estado-sirio","status":"publish","type":"post","link":"https:\/\/archive.sana.sy\/es\/?p=30780","title":{"rendered":"Damasco: el env\u00edo de Fuerza A\u00e9rea rusa a Siria fue a petici\u00f3n del Estado sirio"},"content":{"rendered":"<p><span style=\"color: #800000\">Damasco, SANA<\/span><\/p>\n<p>La Presidencia de la Rep\u00fablica \u00c1rabe Siria confirm\u00f3 que el env\u00edo de Fuerza A\u00e9rea de Rusia a Siria fue a petici\u00f3n del Estado sirio a trav\u00e9s de un mensaje enviado por el presidente Bashar al-Assad al presidente Vladimir Putin y va en el marco de la iniciativa del presidente Putin para combatir el terrorismo.<\/p>\n<p>La afirmaci\u00f3n de la Presidencia siria se produjo en respuesta a las preguntas sobre la presencia de la fuerza a\u00e9rea rusa en Siria despu\u00e9s de la aprobaci\u00f3n del Consejo Federal de la Federaci\u00f3n de Rusia a la ley que permite al presidente Putin usar la Fuerza A\u00e9rea de Rusia en el extranjero.<\/p>\n<p>La Presidencia subray\u00f3 que las relaciones entre los pa\u00edses se rigen por los convenios, las leyes y los tratados internacionales que tienen lugar entre esos pa\u00edses para alcanzar los intereses de sus pueblos y para garantizar la seguridad y la integridad de su territorio.<\/p>\n<p>&nbsp;<\/p>\n<p>Fady M., Lynn A.<\/p>\n","protected":false},"excerpt":{"rendered":"<p>Damasco, SANA La Presidencia de la Rep\u00fablica \u00c1rabe Siria confirm\u00f3 que el env\u00edo de Fuerza A\u00e9rea de Rusia a Siria fue a petici\u00f3n del Estado sirio a trav\u00e9s de un mensaje enviado por el presidente Bashar al-Assad al presidente Vladimir Putin y va en el marco de la iniciativa del presidente Putin para combatir el &hellip;<\/p>\n","protected":false},"author":24,"featured_media":30781,"comment_status":"closed","ping_status":"closed","sticky":false,"template":"","format":"standard","meta":{"footnotes":""},"categories":[477,476,576],"tags":[],"class_list":["post-30780","post","type-post","status-publish","format-standard","has-post-thumbnail","","category-noticias-edulcorantes","category-locales","category-noticias-politicas"],"_links":{"self":[{"href":"https:\/\/archive.sana.sy\/es\/index.php?rest_route=\/wp\/v2\/posts\/30780"}],"collection":[{"href":"https:\/\/archive.sana.sy\/es\/index.php?rest_route=\/wp\/v2\/posts"}],"about":[{"href":"https:\/\/archive.sana.sy\/es\/index.php?rest_route=\/wp\/v2\/types\/post"}],"author":[{"embeddable":true,"href":"https:\/\/archive.sana.sy\/es\/index.php?rest_route=\/wp\/v2\/users\/24"}],"replies":[{"embeddable":true,"href":"https:\/\/archive.sana.sy\/es\/index.php?rest_route=%2Fwp%2Fv2%2Fcomments&post=30780"}],"version-history":[{"count":0,"href":"https:\/\/archive.sana.sy\/es\/index.php?rest_route=\/wp\/v2\/posts\/30780\/revisions"}],"wp:featuredmedia":[{"embeddable":true,"href":"https:\/\/archive.sana.sy\/es\/index.php?rest_route=\/wp\/v2\/media\/30781"}],"wp:attachment":[{"href":"https:\/\/archive.sana.sy\/es\/index.php?rest_route=%2Fwp%2Fv2%2Fmedia&parent=30780"}],"wp:term":[{"taxonomy":"category","embeddable":true,"href":"https:\/\/archive.sana.sy\/es\/index.php?rest_route=%2Fwp%2Fv2%2Fcategories&post=30780"},{"taxonomy":"post_tag","embeddable":true,"href":"https:\/\/archive.sana.sy\/es\/index.php?rest_route=%2Fwp%2Fv2%2Ftags&post=30780"}],"curies":[{"name":"wp","href":"https:\/\/api.w.org\/{rel}","templated":true}]}}