{"id":307884,"date":"2023-09-05T17:17:00","date_gmt":"2023-09-05T14:17:00","guid":{"rendered":"http:\/\/sana.sy\/es\/?p=307884"},"modified":"2023-09-06T08:24:01","modified_gmt":"2023-09-06T05:24:01","slug":"agencia-sana-y-prensa-latina-elaboraran-un-nuevo-acuerdo-integral-de-cooperacion-mediatica-tecnica","status":"publish","type":"post","link":"https:\/\/archive.sana.sy\/es\/?p=307884","title":{"rendered":"Agencia SANA y Prensa Latina elaborar\u00e1n un nuevo acuerdo integral de cooperaci\u00f3n medi\u00e1tica-t\u00e9cnica"},"content":{"rendered":"<p style=\"text-align: justify;\"><span style=\"color: #800000;\"><strong>Damasco, 05 sep (SANA)\u00a0 <\/strong><\/span>El director general de la Agencia \u00c1rabe Siria de Noticias (SANA), Iyad Wannous, recibi\u00f3 hoy al presidente de la agencia informativa y Latinoamericana \u201cPrensa Latina\u201d, Luis Enrique Gonz\u00e1lez, y al embajador de Cuba en Damasco, Luis Mariano Fern\u00e1ndez Rodr\u00edguez.<\/p>\n<p style=\"text-align: justify;\">Durante el encuentro, que tuvo lugar en la sede de la agencia SANA en la capital Damasco, ambas partes revisaron las v\u00edas de fortalecer los aspectos de cooperaci\u00f3n medi\u00e1tica-t\u00e9cnica y la coordinaci\u00f3n conjunta para transmitir la realidad de la agresi\u00f3n multifac\u00e9tica que enfrentan Siria y Cuba.<\/p>\n<p style=\"text-align: justify;\">Asimismo, decidieron elaborar un nuevo acuerdo integral de cooperaci\u00f3n medi\u00e1tica y t\u00e9cnica entre las dos agencias.<\/p>\n<p style=\"text-align: justify;\">El director de SANA destac\u00f3 la importancia de que ambos medios utilicen los m\u00e9todos modernos para hacer cara a la campa\u00f1a de desinformaci\u00f3n occidental desatada contra los dos pa\u00edses que est\u00e1n haciendo cara a los mismos retos.<\/p>\n<p><img loading=\"lazy\" decoding=\"async\" class=\"size-full wp-image-307934 alignright\" src=\"http:\/\/sana.sy\/es\/wp-content\/uploads\/2023\/09\/Agencia-SANA-y-Prensa-Latina-elaboraran-un-nuevo-acuerdo-integral-de-cooperacion-mediatica-tecnica-300x150-1.jpeg\" alt=\"\" width=\"300\" height=\"150\" srcset=\"https:\/\/archive.sana.sy\/es\/wp-content\/uploads\/2023\/09\/Agencia-SANA-y-Prensa-Latina-elaboraran-un-nuevo-acuerdo-integral-de-cooperacion-mediatica-tecnica-300x150-1.jpeg 300w, https:\/\/archive.sana.sy\/es\/wp-content\/uploads\/2023\/09\/Agencia-SANA-y-Prensa-Latina-elaboraran-un-nuevo-acuerdo-integral-de-cooperacion-mediatica-tecnica-300x150-1-150x75.jpeg 150w\" sizes=\"(max-width: 300px) 100vw, 300px\" \/><\/p>\n<p style=\"text-align: justify;\">Hizo hincapi\u00e9 en la necesidad de que la cooperaci\u00f3n bilateral incluyera diversos contenidos, como los culturales y econ\u00f3micos, y resalt\u00f3 la importancia de la acci\u00f3n conjunta para romper el asedio impuesto a los dos pueblos amigos.<\/p>\n<p style=\"text-align: justify;\">A su vez, el presidente de Prensa Latina expres\u00f3 su satisfacci\u00f3n por estar en Siria, un pa\u00eds aliado de Cuba, y reiter\u00f3 el compromiso de \u201cPrensa Latina\u201d de defender a Siria ante la agresi\u00f3n terrorista y econ\u00f3mica que est\u00e1 sufriendo.<\/p>\n<p style=\"text-align: justify;\">\u201cLa agencia est\u00e1 presente en el terreno a trav\u00e9s de su corresponsal y de muchos periodistas cubanos que visitaron Siria en repetidas ocasiones durante los a\u00f1os de guerra, y lograron transmitir la verdadera imagen de los acontecimientos\u201d, subray\u00f3.<\/p>\n<p style=\"text-align: justify;\">Destac\u00f3 que su medio har\u00e1 todo lo que est\u00e9 a su alcance para afianzar la cooperaci\u00f3n con la agencia estatal siria, y expres\u00f3 su fe en la inevitable victoria de Siria sobre las agresiones.<\/p>\n<p style=\"text-align: justify;\">A su vez, el embajador cubano, Luis Mariano, reafirm\u00f3 la postura solidaria de su pa\u00eds con Siria, y su confianza en que el pueblo sirio cantar\u00e1 victoria sobre el terrorismo.<\/p>\n<p style=\"text-align: justify;\">la\/fm<\/p>\n","protected":false},"excerpt":{"rendered":"<p>Damasco, 05 sep (SANA)\u00a0 El director general de la Agencia \u00c1rabe Siria de Noticias (SANA), Iyad Wannous, recibi\u00f3 hoy al presidente de la agencia informativa y Latinoamericana \u201cPrensa Latina\u201d, Luis Enrique Gonz\u00e1lez, y al embajador de Cuba en Damasco, Luis Mariano Fern\u00e1ndez Rodr\u00edguez. Durante el encuentro, que tuvo lugar en la sede de la agencia &hellip;<\/p>\n","protected":false},"author":24,"featured_media":307886,"comment_status":"closed","ping_status":"closed","sticky":false,"template":"","format":"standard","meta":{"footnotes":""},"categories":[447,597,20724,448,467,583],"tags":[6868,22360,1347,6553],"class_list":["post-307884","post","type-post","status-publish","format-standard","has-post-thumbnail","","category-local-politica","category-cinta-de-noticias","category-minuto-a-minuto","category-noticias","category-siria-y-el-mundo","category-slide","tag-cuba","tag-prensa-latina","tag-sana","tag-siria"],"_links":{"self":[{"href":"https:\/\/archive.sana.sy\/es\/index.php?rest_route=\/wp\/v2\/posts\/307884"}],"collection":[{"href":"https:\/\/archive.sana.sy\/es\/index.php?rest_route=\/wp\/v2\/posts"}],"about":[{"href":"https:\/\/archive.sana.sy\/es\/index.php?rest_route=\/wp\/v2\/types\/post"}],"author":[{"embeddable":true,"href":"https:\/\/archive.sana.sy\/es\/index.php?rest_route=\/wp\/v2\/users\/24"}],"replies":[{"embeddable":true,"href":"https:\/\/archive.sana.sy\/es\/index.php?rest_route=%2Fwp%2Fv2%2Fcomments&post=307884"}],"version-history":[{"count":7,"href":"https:\/\/archive.sana.sy\/es\/index.php?rest_route=\/wp\/v2\/posts\/307884\/revisions"}],"predecessor-version":[{"id":307938,"href":"https:\/\/archive.sana.sy\/es\/index.php?rest_route=\/wp\/v2\/posts\/307884\/revisions\/307938"}],"wp:featuredmedia":[{"embeddable":true,"href":"https:\/\/archive.sana.sy\/es\/index.php?rest_route=\/wp\/v2\/media\/307886"}],"wp:attachment":[{"href":"https:\/\/archive.sana.sy\/es\/index.php?rest_route=%2Fwp%2Fv2%2Fmedia&parent=307884"}],"wp:term":[{"taxonomy":"category","embeddable":true,"href":"https:\/\/archive.sana.sy\/es\/index.php?rest_route=%2Fwp%2Fv2%2Fcategories&post=307884"},{"taxonomy":"post_tag","embeddable":true,"href":"https:\/\/archive.sana.sy\/es\/index.php?rest_route=%2Fwp%2Fv2%2Ftags&post=307884"}],"curies":[{"name":"wp","href":"https:\/\/api.w.org\/{rel}","templated":true}]}}