{"id":30790,"date":"2015-09-30T16:17:10","date_gmt":"2015-09-30T13:17:10","guid":{"rendered":"http:\/\/sana.sy\/es\/?p=30790"},"modified":"2015-09-30T16:17:10","modified_gmt":"2015-09-30T13:17:10","slug":"presidente-checo-dice-que-ya-no-existen-milicianos-que-pertenecen-a-la-oposicion-siria","status":"publish","type":"post","link":"https:\/\/archive.sana.sy\/es\/?p=30790","title":{"rendered":"Presidente checo dice que ya no existen milicianos que pertenecen a la \u201coposici\u00f3n siria\u201d"},"content":{"rendered":"<p><span style=\"color: #800000\">Nueva York, SANA<\/span><\/p>\n<p>El presidente de la Rep\u00fablica Checa, Milos Zeman, se\u00f1al\u00f3 que el Gobierno sirio se est\u00e1 enfrentando hoy en d\u00eda a un amplio frente compuesto por fuerzas extremistas, entre las cuales las organizaciones terroristas del Estado Isl\u00e1mico y el Frente de al-Nousra.<\/p>\n<p>En declaraciones concedidas a la prensa al margen de su participaci\u00f3n en las labores de la 70 Asamblea General de la ONU, el mandatario checo dijo que \u201cla oposici\u00f3n reconocida por la Uni\u00f3n Europea ya no dispone de ninguna fuerza que combate sobre el terreno, ya que sus milicianos han sido tragados por los grupos extremistas\u201d, acot\u00f3.<\/p>\n<p>Respondiendo una pregunta sobre si el presidente sirio Bashar al-Assad formar\u00e1 parte de la soluci\u00f3n de la crisis en Siria, Zeman dijo que no hay otro candidato por el momento que pueda sustituir al presidente al-Assad.<\/p>\n<p>\u201cTenemos que preguntarnos s\u00ed hay otro candidato que le pueda sustituir. No creo que tenemos a este candidato\u201d, sostuvo.<\/p>\n<p>Cabe destacar que el presidente checo se reuni\u00f3 anoche con el canciller sirio, Walid al-Moallem, donde reiter\u00f3 la postura de su pa\u00eds en apoyo del pueblo sirio y su leg\u00edtimo gobierno, encabezado por el presidente al-Assad.<\/p>\n<p>&nbsp;<\/p>\n<p>&nbsp;<\/p>\n<p>&nbsp;<\/p>\n<p>Lynn A.<\/p>\n","protected":false},"excerpt":{"rendered":"<p>Nueva York, SANA El presidente de la Rep\u00fablica Checa, Milos Zeman, se\u00f1al\u00f3 que el Gobierno sirio se est\u00e1 enfrentando hoy en d\u00eda a un amplio frente compuesto por fuerzas extremistas, entre las cuales las organizaciones terroristas del Estado Isl\u00e1mico y el Frente de al-Nousra. En declaraciones concedidas a la prensa al margen de su participaci\u00f3n &hellip;<\/p>\n","protected":false},"author":24,"featured_media":30791,"comment_status":"closed","ping_status":"closed","sticky":false,"template":"","format":"standard","meta":{"footnotes":""},"categories":[597,456,457,576],"tags":[6832],"class_list":["post-30790","post","type-post","status-publish","format-standard","has-post-thumbnail","","category-cinta-de-noticias","category-arabe-internacional-politica","category-noticias-arabe-internacional-politica","category-noticias-politicas","tag-presidente-checo-dice-que-ya-no-existen-milicianos-que-pertenecen-a-la-oposicion-siria"],"_links":{"self":[{"href":"https:\/\/archive.sana.sy\/es\/index.php?rest_route=\/wp\/v2\/posts\/30790"}],"collection":[{"href":"https:\/\/archive.sana.sy\/es\/index.php?rest_route=\/wp\/v2\/posts"}],"about":[{"href":"https:\/\/archive.sana.sy\/es\/index.php?rest_route=\/wp\/v2\/types\/post"}],"author":[{"embeddable":true,"href":"https:\/\/archive.sana.sy\/es\/index.php?rest_route=\/wp\/v2\/users\/24"}],"replies":[{"embeddable":true,"href":"https:\/\/archive.sana.sy\/es\/index.php?rest_route=%2Fwp%2Fv2%2Fcomments&post=30790"}],"version-history":[{"count":0,"href":"https:\/\/archive.sana.sy\/es\/index.php?rest_route=\/wp\/v2\/posts\/30790\/revisions"}],"wp:featuredmedia":[{"embeddable":true,"href":"https:\/\/archive.sana.sy\/es\/index.php?rest_route=\/wp\/v2\/media\/30791"}],"wp:attachment":[{"href":"https:\/\/archive.sana.sy\/es\/index.php?rest_route=%2Fwp%2Fv2%2Fmedia&parent=30790"}],"wp:term":[{"taxonomy":"category","embeddable":true,"href":"https:\/\/archive.sana.sy\/es\/index.php?rest_route=%2Fwp%2Fv2%2Fcategories&post=30790"},{"taxonomy":"post_tag","embeddable":true,"href":"https:\/\/archive.sana.sy\/es\/index.php?rest_route=%2Fwp%2Fv2%2Ftags&post=30790"}],"curies":[{"name":"wp","href":"https:\/\/api.w.org\/{rel}","templated":true}]}}