{"id":307908,"date":"2023-09-05T17:12:50","date_gmt":"2023-09-05T14:12:50","guid":{"rendered":"http:\/\/sana.sy\/es\/?p=307908"},"modified":"2023-09-05T19:14:32","modified_gmt":"2023-09-05T16:14:32","slug":"siria-pretende-aprovechar-de-la-experiencia-de-paises-de-fearab-en-el-enfrentamiento-al-bloqueo-economico-occidental","status":"publish","type":"post","link":"https:\/\/archive.sana.sy\/es\/?p=307908","title":{"rendered":"Siria pretende aprovechar de la experiencia de pa\u00edses de FEARAB en el enfrentamiento al bloqueo econ\u00f3mico occidental"},"content":{"rendered":"<p style=\"text-align: justify\"><span style=\"color: #800000\"><strong>Damasco, 05 sept (SANA)<\/strong><\/span> Por segundo d\u00eda, contin\u00faan las actividades del 50\u00aa congreso extraordinario de la Confederaci\u00f3n de Entidades \u00c1rabes en Pa\u00edses Latinoamericanos (FEARAB).<\/p>\n<p style=\"text-align: justify\">En este contexto, se celebr\u00f3 este martes una sesi\u00f3n de di\u00e1logo entre representantes de instituciones econ\u00f3micas de la Federaci\u00f3n y las C\u00e1maras de Comercio e Industria de Siria, en la sala \u201cReda Saeed\u201d localizada en la Universidad de Damasco.<\/p>\n<p><img loading=\"lazy\" decoding=\"async\" class=\"size-medium wp-image-307910 alignleft\" src=\"http:\/\/sana.sy\/es\/wp-content\/uploads\/2023\/09\/Fearab-Damasco-300x164.jpeg\" alt=\"\" width=\"300\" height=\"164\" srcset=\"https:\/\/archive.sana.sy\/es\/wp-content\/uploads\/2023\/09\/Fearab-Damasco-300x164.jpeg 300w, https:\/\/archive.sana.sy\/es\/wp-content\/uploads\/2023\/09\/Fearab-Damasco-150x82.jpeg 150w, https:\/\/archive.sana.sy\/es\/wp-content\/uploads\/2023\/09\/Fearab-Damasco.jpeg 660w\" sizes=\"(max-width: 300px) 100vw, 300px\" \/><\/p>\n<p style=\"text-align: justify\">Las conversaciones se centraron en facilitar el intercambio comercial y la cooperaci\u00f3n econ\u00f3mica, establecer asociaciones comerciales y de inversi\u00f3n entre empresarios sirios y de FEARAB, y buscar formas para ayudar al pueblo sirio a superar las medidas econ\u00f3micas coercitivas unilaterales aplicadas contra su pa\u00eds.<br \/>\nAsimismo fueron abordadas las perspectivas de cooperaci\u00f3n bilateral en los sectores de petr\u00f3leo, construcci\u00f3n, industria farmac\u00e9utica y alimentaria, la fabricaci\u00f3n de autom\u00f3viles .<\/p>\n<p style=\"text-align: justify\">Los participantes llamaron a aprovechando la experiencia de algunos pa\u00edses de Am\u00e9rica Latina en el enfrentamiento al bloqueo econ\u00f3mico occidental, as\u00ed como resaltaron la importancia de la reducci\u00f3n de los aranceles aduaneros en el proceso de intercambio comercial, invitando a celebrar reuniones peri\u00f3dicas y ampliadas entre los empresarios sirios y sus hom\u00f3logos de la Confederaci\u00f3n.<\/p>\n<p style=\"text-align: justify\">El Establecimiento de ferias temporales y permanentes de los productos sirios en pa\u00edses latinoamericanos y viceversa, preparar una lista de productos sirios que se pueden exportar, concretar asociaciones en el sector industrial, y crear consejos empresariales mixtas con la parte siria, fueron tambi\u00e9n unos de los temas planteados durante el encuentro.<\/p>\n<p><img loading=\"lazy\" decoding=\"async\" class=\"size-full wp-image-307911 aligncenter\" src=\"http:\/\/sana.sy\/es\/wp-content\/uploads\/2023\/09\/Fearab-Damasco-1.jpeg\" alt=\"\" width=\"660\" height=\"384\" srcset=\"https:\/\/archive.sana.sy\/es\/wp-content\/uploads\/2023\/09\/Fearab-Damasco-1.jpeg 660w, https:\/\/archive.sana.sy\/es\/wp-content\/uploads\/2023\/09\/Fearab-Damasco-1-300x175.jpeg 300w, https:\/\/archive.sana.sy\/es\/wp-content\/uploads\/2023\/09\/Fearab-Damasco-1-150x87.jpeg 150w\" sizes=\"(max-width: 660px) 100vw, 660px\" \/><\/p>\n<p style=\"text-align: justify\">la<\/p>\n","protected":false},"excerpt":{"rendered":"<p>Damasco, 05 sept (SANA) Por segundo d\u00eda, contin\u00faan las actividades del 50\u00aa congreso extraordinario de la Confederaci\u00f3n de Entidades \u00c1rabes en Pa\u00edses Latinoamericanos (FEARAB). En este contexto, se celebr\u00f3 este martes una sesi\u00f3n de di\u00e1logo entre representantes de instituciones econ\u00f3micas de la Federaci\u00f3n y las C\u00e1maras de Comercio e Industria de Siria, en la sala &hellip;<\/p>\n","protected":false},"author":24,"featured_media":307909,"comment_status":"closed","ping_status":"closed","sticky":false,"template":"","format":"standard","meta":{"footnotes":""},"categories":[447,597,16686,483,485,448,583],"tags":[20703,6553],"class_list":["post-307908","post","type-post","status-publish","format-standard","has-post-thumbnail","","category-local-politica","category-cinta-de-noticias","category-economia","category-negocios-y-finanzas","category-informes-negocios-y-finanzas","category-noticias","category-slide","tag-fearab","tag-siria"],"_links":{"self":[{"href":"https:\/\/archive.sana.sy\/es\/index.php?rest_route=\/wp\/v2\/posts\/307908"}],"collection":[{"href":"https:\/\/archive.sana.sy\/es\/index.php?rest_route=\/wp\/v2\/posts"}],"about":[{"href":"https:\/\/archive.sana.sy\/es\/index.php?rest_route=\/wp\/v2\/types\/post"}],"author":[{"embeddable":true,"href":"https:\/\/archive.sana.sy\/es\/index.php?rest_route=\/wp\/v2\/users\/24"}],"replies":[{"embeddable":true,"href":"https:\/\/archive.sana.sy\/es\/index.php?rest_route=%2Fwp%2Fv2%2Fcomments&post=307908"}],"version-history":[{"count":2,"href":"https:\/\/archive.sana.sy\/es\/index.php?rest_route=\/wp\/v2\/posts\/307908\/revisions"}],"predecessor-version":[{"id":307913,"href":"https:\/\/archive.sana.sy\/es\/index.php?rest_route=\/wp\/v2\/posts\/307908\/revisions\/307913"}],"wp:featuredmedia":[{"embeddable":true,"href":"https:\/\/archive.sana.sy\/es\/index.php?rest_route=\/wp\/v2\/media\/307909"}],"wp:attachment":[{"href":"https:\/\/archive.sana.sy\/es\/index.php?rest_route=%2Fwp%2Fv2%2Fmedia&parent=307908"}],"wp:term":[{"taxonomy":"category","embeddable":true,"href":"https:\/\/archive.sana.sy\/es\/index.php?rest_route=%2Fwp%2Fv2%2Fcategories&post=307908"},{"taxonomy":"post_tag","embeddable":true,"href":"https:\/\/archive.sana.sy\/es\/index.php?rest_route=%2Fwp%2Fv2%2Ftags&post=307908"}],"curies":[{"name":"wp","href":"https:\/\/api.w.org\/{rel}","templated":true}]}}