{"id":307916,"date":"2023-09-05T16:42:52","date_gmt":"2023-09-05T13:42:52","guid":{"rendered":"http:\/\/sana.sy\/es\/?p=307916"},"modified":"2023-09-05T19:45:52","modified_gmt":"2023-09-05T16:45:52","slug":"parlamento-arabe-exige-reaccion-internacional-para-cesar-barbaridades-israelies-contra-prisioneros-palestinos","status":"publish","type":"post","link":"https:\/\/archive.sana.sy\/es\/?p=307916","title":{"rendered":"Parlamento \u00c1rabe exige reacci\u00f3n internacional para cesar cr\u00edmenes israel\u00edes contra prisioneros palestinos"},"content":{"rendered":"<p style=\"text-align: justify\"><span style=\"color: #800000\"><strong>El Cairo, 05 sep (SANA)<\/strong> <\/span>El Parlamento \u00c1rabe exigi\u00f3 al Consejo de Seguridad y el Comit\u00e9 Internacional de la Cruz Roja, que interviniera con car\u00e1cter de urgencia para detener las violaciones y las pr\u00e1cticas arbitrarias que comenten las fuerzas del ocupante israel\u00ed contra los prisioneros palestinos.<\/p>\n<p style=\"text-align: justify\">Inst\u00f3 a la comunidad internacional y sus organizaciones que trabajaran para proteger a los palestinos detenidos de conformidad con las resoluciones y el Convenio de Ginebra pertinentes, as\u00ed como apoyarlos hasta que alcancen su libertad y derechos leg\u00edtimos.<\/p>\n<p style=\"text-align: justify\">En un comunicado difundido hoy por la Agencia Wafa, el Parlamento conden\u00f3 las decisiones del Ministro del gobierno de la entidad israel\u00ed, Itamar Ben Gvir, de reducir las visitas a los prisioneros en sus centros de detenci\u00f3n a una vez cada dos meses en lugar de una vez al mes.<\/p>\n<p style=\"text-align: justify\">En este contexto, denunci\u00f3 que la agresi\u00f3n racista y hostil lanzada por las autoridades israel\u00edes contra estos palestinos no har\u00e1 m\u00e1s que estallar la situaci\u00f3n, hecho que implica la toma de medidas inmediatas para cesar dicha campa\u00f1a hostil.<\/p>\n<p style=\"text-align: justify\">la<\/p>\n","protected":false},"excerpt":{"rendered":"<p>El Cairo, 05 sep (SANA) El Parlamento \u00c1rabe exigi\u00f3 al Consejo de Seguridad y el Comit\u00e9 Internacional de la Cruz Roja, que interviniera con car\u00e1cter de urgencia para detener las violaciones y las pr\u00e1cticas arbitrarias que comenten las fuerzas del ocupante israel\u00ed contra los prisioneros palestinos. Inst\u00f3 a la comunidad internacional y sus organizaciones que &hellip;<\/p>\n","protected":false},"author":24,"featured_media":307917,"comment_status":"closed","ping_status":"closed","sticky":false,"template":"","format":"standard","meta":{"footnotes":""},"categories":[597,456,16687,7541],"tags":[22063,19616],"class_list":["post-307916","post","type-post","status-publish","format-standard","has-post-thumbnail","","category-cinta-de-noticias","category-arabe-internacional-politica","category-internacionales","category-ultimas-noticias","tag-parlamento-arabe","tag-prisioneros-palestinos"],"_links":{"self":[{"href":"https:\/\/archive.sana.sy\/es\/index.php?rest_route=\/wp\/v2\/posts\/307916"}],"collection":[{"href":"https:\/\/archive.sana.sy\/es\/index.php?rest_route=\/wp\/v2\/posts"}],"about":[{"href":"https:\/\/archive.sana.sy\/es\/index.php?rest_route=\/wp\/v2\/types\/post"}],"author":[{"embeddable":true,"href":"https:\/\/archive.sana.sy\/es\/index.php?rest_route=\/wp\/v2\/users\/24"}],"replies":[{"embeddable":true,"href":"https:\/\/archive.sana.sy\/es\/index.php?rest_route=%2Fwp%2Fv2%2Fcomments&post=307916"}],"version-history":[{"count":2,"href":"https:\/\/archive.sana.sy\/es\/index.php?rest_route=\/wp\/v2\/posts\/307916\/revisions"}],"predecessor-version":[{"id":307919,"href":"https:\/\/archive.sana.sy\/es\/index.php?rest_route=\/wp\/v2\/posts\/307916\/revisions\/307919"}],"wp:featuredmedia":[{"embeddable":true,"href":"https:\/\/archive.sana.sy\/es\/index.php?rest_route=\/wp\/v2\/media\/307917"}],"wp:attachment":[{"href":"https:\/\/archive.sana.sy\/es\/index.php?rest_route=%2Fwp%2Fv2%2Fmedia&parent=307916"}],"wp:term":[{"taxonomy":"category","embeddable":true,"href":"https:\/\/archive.sana.sy\/es\/index.php?rest_route=%2Fwp%2Fv2%2Fcategories&post=307916"},{"taxonomy":"post_tag","embeddable":true,"href":"https:\/\/archive.sana.sy\/es\/index.php?rest_route=%2Fwp%2Fv2%2Ftags&post=307916"}],"curies":[{"name":"wp","href":"https:\/\/api.w.org\/{rel}","templated":true}]}}