{"id":307991,"date":"2023-09-06T19:36:57","date_gmt":"2023-09-06T16:36:57","guid":{"rendered":"http:\/\/sana.sy\/es\/?p=307991"},"modified":"2023-09-06T19:36:56","modified_gmt":"2023-09-06T16:36:56","slug":"canciller-sirio-llama-a-potenciar-la-accion-arabe-conjunta-frente-a-los-peligros-que-amenazan-la-seguridad-colectiva-de-los-paises-arabes","status":"publish","type":"post","link":"https:\/\/archive.sana.sy\/es\/?p=307991","title":{"rendered":"Al-Mekdad llama a potenciar la acci\u00f3n \u00e1rabe conjunta frente a los peligros que amenazan la seguridad colectiva de los pa\u00edses \u00e1rabes"},"content":{"rendered":"<blockquote><p><span style=\"color: #993300\">El canciller al-Mekdad hizo hincapi\u00e9 en la importancia del papel \u00e1rabe en apoyar al pueblo sirio en superar las repercusiones de la guerra terrorista, poner fin a cualquier presencia militar extranjera ilegal sobre su territorio, y acabar con las medidas coercitivas unilaterales que le est\u00e1n privando de sus derechos los m\u00e1s b\u00e1sicos.<\/span><\/p><\/blockquote>\n<p style=\"text-align: justify\"><span style=\"color: #800000\"><strong>El Cairo, 06 sep (SANA)<\/strong><\/span> El ministro de Relaciones Exteriores y Expatriados, Faisal Al-Mekdad, reiter\u00f3 la necesidad de una acci\u00f3n \u00e1rabe conjunta para enfrentar los desaf\u00edos que amenazan la seguridad de todo el mundo \u00e1rabe.<\/p>\n<p style=\"text-align: justify\">El Canciller sirio hizo estas declaraciones durante la 160\u00aa sesi\u00f3n del Consejo de la Liga \u00c1rabe a nivel ministerial que se desarroll\u00f3 hoy en la capital egipcia, El Cairo.<\/p>\n<p style=\"text-align: justify\">\u201cMuchos de nuestros pa\u00edses enfrentan injerencias en sus asuntos internos, ataques militares, ocupaci\u00f3n extranjera de partes de sus tierras, propagaci\u00f3n del terrorismo, pobreza y disminuci\u00f3n de los indicadores de fomento\u201d, se\u00f1al\u00f3. \u201cEsta realidad nos empuja a reafirmar otra vez m\u00e1s la necesidad de potenciar una acci\u00f3n \u00e1rabe conjunta.<br \/>\nDestac\u00f3 que existen serios se\u00f1ales que predigan el fin del dominio unipolar en el sistema internacional a favor de un mundo multipolar.<\/p>\n<p style=\"text-align: justify\">Asimismo, subray\u00f3 que la seguridad nacional \u00e1rabe es \u201cindivisible\u201d, y su preservaci\u00f3n requiere una cooperaci\u00f3n sincera entre los pa\u00edses \u00e1rabes y sus instituciones conjuntas para resolver las crisis que azotan a Libia, Yemen y Sud\u00e1n, y terminar con las Intervenciones militares en Siria y otros pa\u00edses \u00e1rabes, cuya continuaci\u00f3n amenaza la seguridad colectiva de los pa\u00edses \u00e1rabes.<\/p>\n<p style=\"text-align: justify\">Aludi\u00f3 a la cooperaci\u00f3n del Estado sirio con el Comit\u00e9 de Contacto \u00c1rabe sobre la base del pleno compromiso de este \u00faltimo con la soberan\u00eda, independencia, unidad e integridad territorial de Siria y la no injerencia en sus asuntos internos.<\/p>\n<p style=\"text-align: justify\">En este contexto, hizo hincapi\u00e9 en la importancia del papel \u00e1rabe en apoyar al pueblo sirio en superar las repercusiones de la guerra terrorista, poner fin a cualquier presencia militar extranjera ilegal sobre su territorio, y acabar con las medidas coercitivas unilaterales que le est\u00e1n privando de sus derechos los m\u00e1s b\u00e1sicos.<\/p>\n<p style=\"text-align: justify\">Enfatiz\u00f3 la necesidad de una acci\u00f3n internacional para expandir las actividades humanitarias en Siria, elaborar y financiar proyectos de recuperaci\u00f3n temprana lejos de la politizaci\u00f3n, con el objetivo de mejorar las condiciones de vida de los sirios y allanar el terreno necesario para el regreso de los refugiados a sus hogares.<\/p>\n<p style=\"text-align: justify\">Al-Mekdad hizo referencia tambi\u00e9n a la descarada e inaceptable presi\u00f3n ejercida por Occidente y EEUU para obstaculizar lo logrado en la cumbre de Yadeh e impedir cualquier acercamiento \u00e1rabe con Siria.<\/p>\n<p style=\"text-align: justify\">Denunci\u00f3 que las repetidas agresiones y cr\u00edmenes del ocupante israel\u00ed en Palestina y el Gol\u00e1n sirio ocupados requieren movilizar esfuerzos internacionales para poner fin a esta situaci\u00f3n y a sus repercusiones peligrosas sobre la paz y seguridad internacionales.<\/p>\n<p style=\"text-align: justify\">la<\/p>\n<p style=\"text-align: justify\">\n","protected":false},"excerpt":{"rendered":"<p>El canciller al-Mekdad hizo hincapi\u00e9 en la importancia del papel \u00e1rabe en apoyar al pueblo sirio en superar las repercusiones de la guerra terrorista, poner fin a cualquier presencia militar extranjera ilegal sobre su territorio, y acabar con las medidas coercitivas unilaterales que le est\u00e1n privando de sus derechos los m\u00e1s b\u00e1sicos. El Cairo, 06 &hellip;<\/p>\n","protected":false},"author":24,"featured_media":307992,"comment_status":"closed","ping_status":"closed","sticky":false,"template":"","format":"standard","meta":{"footnotes":""},"categories":[447,597,20724,476,448,467,583],"tags":[10571,22027,6553],"class_list":["post-307991","post","type-post","status-publish","format-standard","has-post-thumbnail","","category-local-politica","category-cinta-de-noticias","category-minuto-a-minuto","category-locales","category-noticias","category-siria-y-el-mundo","category-slide","tag-el-cairo","tag-liga-arabe","tag-siria"],"_links":{"self":[{"href":"https:\/\/archive.sana.sy\/es\/index.php?rest_route=\/wp\/v2\/posts\/307991"}],"collection":[{"href":"https:\/\/archive.sana.sy\/es\/index.php?rest_route=\/wp\/v2\/posts"}],"about":[{"href":"https:\/\/archive.sana.sy\/es\/index.php?rest_route=\/wp\/v2\/types\/post"}],"author":[{"embeddable":true,"href":"https:\/\/archive.sana.sy\/es\/index.php?rest_route=\/wp\/v2\/users\/24"}],"replies":[{"embeddable":true,"href":"https:\/\/archive.sana.sy\/es\/index.php?rest_route=%2Fwp%2Fv2%2Fcomments&post=307991"}],"version-history":[{"count":3,"href":"https:\/\/archive.sana.sy\/es\/index.php?rest_route=\/wp\/v2\/posts\/307991\/revisions"}],"predecessor-version":[{"id":307995,"href":"https:\/\/archive.sana.sy\/es\/index.php?rest_route=\/wp\/v2\/posts\/307991\/revisions\/307995"}],"wp:featuredmedia":[{"embeddable":true,"href":"https:\/\/archive.sana.sy\/es\/index.php?rest_route=\/wp\/v2\/media\/307992"}],"wp:attachment":[{"href":"https:\/\/archive.sana.sy\/es\/index.php?rest_route=%2Fwp%2Fv2%2Fmedia&parent=307991"}],"wp:term":[{"taxonomy":"category","embeddable":true,"href":"https:\/\/archive.sana.sy\/es\/index.php?rest_route=%2Fwp%2Fv2%2Fcategories&post=307991"},{"taxonomy":"post_tag","embeddable":true,"href":"https:\/\/archive.sana.sy\/es\/index.php?rest_route=%2Fwp%2Fv2%2Ftags&post=307991"}],"curies":[{"name":"wp","href":"https:\/\/api.w.org\/{rel}","templated":true}]}}