{"id":308044,"date":"2023-09-07T12:24:09","date_gmt":"2023-09-07T09:24:09","guid":{"rendered":"http:\/\/sana.sy\/es\/?p=308044"},"modified":"2023-09-07T12:24:48","modified_gmt":"2023-09-07T09:24:48","slug":"sistemas-antiaereos-rusos-derriban-dos-drones-sobre-rostov-del-don","status":"publish","type":"post","link":"https:\/\/archive.sana.sy\/es\/?p=308044","title":{"rendered":"Sistemas antia\u00e9reos rusos derriban dos drones sobre Rostov del Don"},"content":{"rendered":"<blockquote>\n<p style=\"text-align: justify;\"><span style=\"color: #800000;\">Seg\u00fan informaci\u00f3n recogida por RT, los restos de los veh\u00edculos no tripulados han ca\u00eddo en las afueras y en el centro de la urbe lo que provoc\u00f3 da\u00f1os materiales en varios autom\u00f3viles y tres edificios.<\/span><\/p>\n<\/blockquote>\n<p style=\"text-align: justify;\"><span style=\"color: #800000;\"><strong>Mosc\u00fa, 7 sep (SANA)\u00a0<\/strong> <\/span>Los sistemas de defensa a\u00e9rea de la provincia rusa de Rostov del Don derribaron en las primeras horas de este jueves dos drones ucranianos en la ciudad de Rostov del Don, inform\u00f3 el gobernador local, Vasili G\u00f3lubev.<\/p>\n<p style=\"text-align: justify;\">Seg\u00fan informaci\u00f3n recogida por RT, los restos de los veh\u00edculos no tripulados han ca\u00eddo en las afueras y en el centro de la urbe lo que provoc\u00f3 da\u00f1os materiales en varios autom\u00f3viles y tres edificios.<\/p>\n<p style=\"text-align: justify;\">Desde el inicio de la operaci\u00f3n especial rusa, Kiev intenta atacar a ciudades y civiles rusos con drones.<\/p>\n<p style=\"text-align: justify;\"><strong>ws\/fm<\/strong><\/p>\n","protected":false},"excerpt":{"rendered":"<p>Seg\u00fan informaci\u00f3n recogida por RT, los restos de los veh\u00edculos no tripulados han ca\u00eddo en las afueras y en el centro de la urbe lo que provoc\u00f3 da\u00f1os materiales en varios autom\u00f3viles y tres edificios. Mosc\u00fa, 7 sep (SANA)\u00a0 Los sistemas de defensa a\u00e9rea de la provincia rusa de Rostov del Don derribaron en las &hellip;<\/p>\n","protected":false},"author":35,"featured_media":308045,"comment_status":"closed","ping_status":"closed","sticky":false,"template":"","format":"standard","meta":{"footnotes":""},"categories":[597,456,16687,20724,7541],"tags":[],"class_list":["post-308044","post","type-post","status-publish","format-standard","has-post-thumbnail","","category-cinta-de-noticias","category-arabe-internacional-politica","category-internacionales","category-minuto-a-minuto","category-ultimas-noticias"],"_links":{"self":[{"href":"https:\/\/archive.sana.sy\/es\/index.php?rest_route=\/wp\/v2\/posts\/308044"}],"collection":[{"href":"https:\/\/archive.sana.sy\/es\/index.php?rest_route=\/wp\/v2\/posts"}],"about":[{"href":"https:\/\/archive.sana.sy\/es\/index.php?rest_route=\/wp\/v2\/types\/post"}],"author":[{"embeddable":true,"href":"https:\/\/archive.sana.sy\/es\/index.php?rest_route=\/wp\/v2\/users\/35"}],"replies":[{"embeddable":true,"href":"https:\/\/archive.sana.sy\/es\/index.php?rest_route=%2Fwp%2Fv2%2Fcomments&post=308044"}],"version-history":[{"count":2,"href":"https:\/\/archive.sana.sy\/es\/index.php?rest_route=\/wp\/v2\/posts\/308044\/revisions"}],"predecessor-version":[{"id":308047,"href":"https:\/\/archive.sana.sy\/es\/index.php?rest_route=\/wp\/v2\/posts\/308044\/revisions\/308047"}],"wp:featuredmedia":[{"embeddable":true,"href":"https:\/\/archive.sana.sy\/es\/index.php?rest_route=\/wp\/v2\/media\/308045"}],"wp:attachment":[{"href":"https:\/\/archive.sana.sy\/es\/index.php?rest_route=%2Fwp%2Fv2%2Fmedia&parent=308044"}],"wp:term":[{"taxonomy":"category","embeddable":true,"href":"https:\/\/archive.sana.sy\/es\/index.php?rest_route=%2Fwp%2Fv2%2Fcategories&post=308044"},{"taxonomy":"post_tag","embeddable":true,"href":"https:\/\/archive.sana.sy\/es\/index.php?rest_route=%2Fwp%2Fv2%2Ftags&post=308044"}],"curies":[{"name":"wp","href":"https:\/\/api.w.org\/{rel}","templated":true}]}}