{"id":308149,"date":"2023-09-08T20:08:40","date_gmt":"2023-09-08T17:08:40","guid":{"rendered":"http:\/\/sana.sy\/es\/?p=308149"},"modified":"2023-09-08T20:08:40","modified_gmt":"2023-09-08T17:08:40","slug":"fuerzas-rusas-repelen-12-ataques-ucranianos-en-donetsk-y-destruyen-dos-sistemas-de-artilleria-m777-de-fabricacion-estadounidense","status":"publish","type":"post","link":"https:\/\/archive.sana.sy\/es\/?p=308149","title":{"rendered":"Fuerzas rusas repelen 12 ataques ucranianos en Donetsk y destruyen dos sistemas de artiller\u00eda M777 de fabricaci\u00f3n estadounidense"},"content":{"rendered":"<p style=\"text-align: justify;\"><span style=\"color: #800000;\"><strong>Mosc\u00fa, 8 sep (SANA)\u00a0<\/strong><\/span> \u00a0Unidades del grupo de tropas &#8220;Sur&#8221;, con apoyo de la aviaci\u00f3n y la artiller\u00eda, repelieron 12 ataques lanzados por las unidades de la 3\u00aa brigada de asalto, 77\u00aa brigada aerotransportada y la 110\u00aa brigada mecanizada de las Fuerzas Armadas de Ucrania, as\u00ed como la 241\u00aa brigada de defensa territorial.<\/p>\n<p style=\"text-align: justify;\">En su informe sobre el avance de la operaci\u00f3n militar especial, el Ministerio de Defensa de la Federaci\u00f3n de Rusia dio a conocer que las p\u00e9rdidas de las tropas de Kiev ascendieron a m\u00e1s de 215 militares, cuatro veh\u00edculos, dos sistemas de artiller\u00eda M777 de fabricaci\u00f3n estadounidense, un ob\u00fas D-20, un ca\u00f1\u00f3n antitanque Rapira y una estaci\u00f3n de guerra electr\u00f3nica Bukovel-AD que opera contra veh\u00edculos a\u00e9reos no tripulados.<\/p>\n<p style=\"text-align: justify;\">Asimismo, fue destruido el puesto de mando y observaci\u00f3n de la 110\u00aa brigada mecanizada de las Fuerzas Armadas de Ucrania, en la zona del asentamiento Avdeevka de la Rep\u00fablica Popular de Donetsk.<\/p>\n<p style=\"text-align: justify;\">fm\/rr<\/p>\n","protected":false},"excerpt":{"rendered":"<p>Mosc\u00fa, 8 sep (SANA)\u00a0 \u00a0Unidades del grupo de tropas &#8220;Sur&#8221;, con apoyo de la aviaci\u00f3n y la artiller\u00eda, repelieron 12 ataques lanzados por las unidades de la 3\u00aa brigada de asalto, 77\u00aa brigada aerotransportada y la 110\u00aa brigada mecanizada de las Fuerzas Armadas de Ucrania, as\u00ed como la 241\u00aa brigada de defensa territorial. En su &hellip;<\/p>\n","protected":false},"author":31,"featured_media":308150,"comment_status":"closed","ping_status":"closed","sticky":false,"template":"","format":"standard","meta":{"footnotes":""},"categories":[597,456,16687,20724],"tags":[6695,20357],"class_list":["post-308149","post","type-post","status-publish","format-standard","has-post-thumbnail","","category-cinta-de-noticias","category-arabe-internacional-politica","category-internacionales","category-minuto-a-minuto","tag-rusia","tag-ucrania"],"_links":{"self":[{"href":"https:\/\/archive.sana.sy\/es\/index.php?rest_route=\/wp\/v2\/posts\/308149"}],"collection":[{"href":"https:\/\/archive.sana.sy\/es\/index.php?rest_route=\/wp\/v2\/posts"}],"about":[{"href":"https:\/\/archive.sana.sy\/es\/index.php?rest_route=\/wp\/v2\/types\/post"}],"author":[{"embeddable":true,"href":"https:\/\/archive.sana.sy\/es\/index.php?rest_route=\/wp\/v2\/users\/31"}],"replies":[{"embeddable":true,"href":"https:\/\/archive.sana.sy\/es\/index.php?rest_route=%2Fwp%2Fv2%2Fcomments&post=308149"}],"version-history":[{"count":1,"href":"https:\/\/archive.sana.sy\/es\/index.php?rest_route=\/wp\/v2\/posts\/308149\/revisions"}],"predecessor-version":[{"id":308151,"href":"https:\/\/archive.sana.sy\/es\/index.php?rest_route=\/wp\/v2\/posts\/308149\/revisions\/308151"}],"wp:featuredmedia":[{"embeddable":true,"href":"https:\/\/archive.sana.sy\/es\/index.php?rest_route=\/wp\/v2\/media\/308150"}],"wp:attachment":[{"href":"https:\/\/archive.sana.sy\/es\/index.php?rest_route=%2Fwp%2Fv2%2Fmedia&parent=308149"}],"wp:term":[{"taxonomy":"category","embeddable":true,"href":"https:\/\/archive.sana.sy\/es\/index.php?rest_route=%2Fwp%2Fv2%2Fcategories&post=308149"},{"taxonomy":"post_tag","embeddable":true,"href":"https:\/\/archive.sana.sy\/es\/index.php?rest_route=%2Fwp%2Fv2%2Ftags&post=308149"}],"curies":[{"name":"wp","href":"https:\/\/api.w.org\/{rel}","templated":true}]}}