{"id":308160,"date":"2023-09-09T09:13:13","date_gmt":"2023-09-09T06:13:13","guid":{"rendered":"http:\/\/sana.sy\/es\/?p=308160"},"modified":"2023-09-09T09:13:13","modified_gmt":"2023-09-09T06:13:13","slug":"un-terremoto-de-magnitud-7-sacude-marruecos-y-cobra-la-vida-de-296-personas","status":"publish","type":"post","link":"https:\/\/archive.sana.sy\/es\/?p=308160","title":{"rendered":"Un terremoto de magnitud 7 sacude Marruecos y cobra la vida de 296 personas"},"content":{"rendered":"<blockquote>\n<p style=\"text-align: justify;\"><span style=\"color: #993300;\">El Centro Nacional de Investigaci\u00f3n Cient\u00edfica y T\u00e9cnica de Marruecos inform\u00f3 que la magnitud del terremoto alcanz\u00f3 los 7 grados en la escala de Richter, y su epicentro se ubic\u00f3 en la regi\u00f3n de Al- Haouz, al suroeste de la ciudad de Marrakech, a unos 230 kil\u00f3metros al sur de la capital, Rabat.<\/span><\/p>\n<\/blockquote>\n<p style=\"text-align: justify;\"><span style=\"color: #800000;\"><strong>Rabat, 09 sep (SANA)<\/strong> <\/span>Un devastador terremoto de magnitud 7 en la escala de Richter azot\u00f3 la regi\u00f3n de Al- Haouz en Marruecos en las primeras horas de la ma\u00f1ana de este 9 de septiembre.<\/p>\n<p style=\"text-align: justify;\">Seg\u00fan el Ministerio del Interior marroqu\u00ed, el temblor afect\u00f3 las regiones de Marrakech, Ouarzazat, Azilal, Chichaua y Tarudant y caus\u00f3 la muerte de 296 personas en un balance preliminar y dej\u00f3 heridas a otras 153 personas que fueron hospitalizadas.<\/p>\n<p style=\"text-align: justify;\">El Centro Nacional de Investigaci\u00f3n Cient\u00edfica y T\u00e9cnica de Marruecos inform\u00f3 que la magnitud del terremoto alcanz\u00f3 los 7 grados en la escala de Richter, y su epicentro se ubic\u00f3 en la regi\u00f3n de Al- Haouz, al suroeste de la ciudad de Marrakech, a unos 230 kil\u00f3metros al sur de la capital, Rabat.<\/p>\n<p style=\"text-align: justify;\"><em><strong>ah\/fm<\/strong><\/em><\/p>\n","protected":false},"excerpt":{"rendered":"<p>El Centro Nacional de Investigaci\u00f3n Cient\u00edfica y T\u00e9cnica de Marruecos inform\u00f3 que la magnitud del terremoto alcanz\u00f3 los 7 grados en la escala de Richter, y su epicentro se ubic\u00f3 en la regi\u00f3n de Al- Haouz, al suroeste de la ciudad de Marrakech, a unos 230 kil\u00f3metros al sur de la capital, Rabat. Rabat, 09 &hellip;<\/p>\n","protected":false},"author":30,"featured_media":308161,"comment_status":"closed","ping_status":"closed","sticky":false,"template":"","format":"standard","meta":{"footnotes":""},"categories":[597,456,16687,20724,7541],"tags":[],"class_list":["post-308160","post","type-post","status-publish","format-standard","has-post-thumbnail","","category-cinta-de-noticias","category-arabe-internacional-politica","category-internacionales","category-minuto-a-minuto","category-ultimas-noticias"],"_links":{"self":[{"href":"https:\/\/archive.sana.sy\/es\/index.php?rest_route=\/wp\/v2\/posts\/308160"}],"collection":[{"href":"https:\/\/archive.sana.sy\/es\/index.php?rest_route=\/wp\/v2\/posts"}],"about":[{"href":"https:\/\/archive.sana.sy\/es\/index.php?rest_route=\/wp\/v2\/types\/post"}],"author":[{"embeddable":true,"href":"https:\/\/archive.sana.sy\/es\/index.php?rest_route=\/wp\/v2\/users\/30"}],"replies":[{"embeddable":true,"href":"https:\/\/archive.sana.sy\/es\/index.php?rest_route=%2Fwp%2Fv2%2Fcomments&post=308160"}],"version-history":[{"count":1,"href":"https:\/\/archive.sana.sy\/es\/index.php?rest_route=\/wp\/v2\/posts\/308160\/revisions"}],"predecessor-version":[{"id":308162,"href":"https:\/\/archive.sana.sy\/es\/index.php?rest_route=\/wp\/v2\/posts\/308160\/revisions\/308162"}],"wp:featuredmedia":[{"embeddable":true,"href":"https:\/\/archive.sana.sy\/es\/index.php?rest_route=\/wp\/v2\/media\/308161"}],"wp:attachment":[{"href":"https:\/\/archive.sana.sy\/es\/index.php?rest_route=%2Fwp%2Fv2%2Fmedia&parent=308160"}],"wp:term":[{"taxonomy":"category","embeddable":true,"href":"https:\/\/archive.sana.sy\/es\/index.php?rest_route=%2Fwp%2Fv2%2Fcategories&post=308160"},{"taxonomy":"post_tag","embeddable":true,"href":"https:\/\/archive.sana.sy\/es\/index.php?rest_route=%2Fwp%2Fv2%2Ftags&post=308160"}],"curies":[{"name":"wp","href":"https:\/\/api.w.org\/{rel}","templated":true}]}}