{"id":308166,"date":"2023-09-09T09:52:47","date_gmt":"2023-09-09T06:52:47","guid":{"rendered":"http:\/\/sana.sy\/es\/?p=308166"},"modified":"2023-09-09T09:52:47","modified_gmt":"2023-09-09T06:52:47","slug":"ejercito-ruso-repele-tres-contraataques-ucranianos-en-direccion-de-kupyansk","status":"publish","type":"post","link":"https:\/\/archive.sana.sy\/es\/?p=308166","title":{"rendered":"Ej\u00e9rcito ruso repele tres contraataques ucranianos en direcci\u00f3n de Kupyansk"},"content":{"rendered":"<p style=\"text-align: justify;\"><span style=\"color: #800000;\"><strong>Mosc\u00fa, 09 sep (SANA)<\/strong><\/span> Los artilleros rusos lograron repeler tres contraataques de las fuerzas armadas ucranianas en direcci\u00f3n de Kupyansk, en la regi\u00f3n de Serhiyivka, seg\u00fan declar\u00f3 Sergu\u00e9i Zabinski, jefe del Centro de Prensa del grupo Occidente, citado por Sputnik.<\/p>\n<p style=\"text-align: justify;\">Zabinski a\u00f1adi\u00f3 que para recuperar las posiciones perdidas, unidades del 95\u00ba Regimiento Aerotransportado, respaldadas por veh\u00edculos blindados, llevaron a cabo tres contraataques contra posiciones en la direcci\u00f3n de Kovalivka, y todas fueron repelidos con artiller\u00eda.<\/p>\n<p style=\"text-align: justify;\">Adem\u00e1s, la artiller\u00eda del grupo de fuerzas rusas &#8220;Zapad&#8221; destruy\u00f3 un ob\u00fas ucraniano de calibre M-777, un ob\u00fas autopropulsado (2S-1 Gvozdika) y su tripulaci\u00f3n en las \u00e1reas de Borovskaya, Andriyivka, Bishanaya y Kramalnaya.<\/p>\n<p style=\"text-align: justify;\"><em><strong>ah\/fm<\/strong><\/em><\/p>\n","protected":false},"excerpt":{"rendered":"<p>Mosc\u00fa, 09 sep (SANA) Los artilleros rusos lograron repeler tres contraataques de las fuerzas armadas ucranianas en direcci\u00f3n de Kupyansk, en la regi\u00f3n de Serhiyivka, seg\u00fan declar\u00f3 Sergu\u00e9i Zabinski, jefe del Centro de Prensa del grupo Occidente, citado por Sputnik. Zabinski a\u00f1adi\u00f3 que para recuperar las posiciones perdidas, unidades del 95\u00ba Regimiento Aerotransportado, respaldadas por &hellip;<\/p>\n","protected":false},"author":30,"featured_media":308167,"comment_status":"closed","ping_status":"closed","sticky":false,"template":"","format":"standard","meta":{"footnotes":""},"categories":[597,456,16687,20724,7541],"tags":[],"class_list":["post-308166","post","type-post","status-publish","format-standard","has-post-thumbnail","","category-cinta-de-noticias","category-arabe-internacional-politica","category-internacionales","category-minuto-a-minuto","category-ultimas-noticias"],"_links":{"self":[{"href":"https:\/\/archive.sana.sy\/es\/index.php?rest_route=\/wp\/v2\/posts\/308166"}],"collection":[{"href":"https:\/\/archive.sana.sy\/es\/index.php?rest_route=\/wp\/v2\/posts"}],"about":[{"href":"https:\/\/archive.sana.sy\/es\/index.php?rest_route=\/wp\/v2\/types\/post"}],"author":[{"embeddable":true,"href":"https:\/\/archive.sana.sy\/es\/index.php?rest_route=\/wp\/v2\/users\/30"}],"replies":[{"embeddable":true,"href":"https:\/\/archive.sana.sy\/es\/index.php?rest_route=%2Fwp%2Fv2%2Fcomments&post=308166"}],"version-history":[{"count":1,"href":"https:\/\/archive.sana.sy\/es\/index.php?rest_route=\/wp\/v2\/posts\/308166\/revisions"}],"predecessor-version":[{"id":308168,"href":"https:\/\/archive.sana.sy\/es\/index.php?rest_route=\/wp\/v2\/posts\/308166\/revisions\/308168"}],"wp:featuredmedia":[{"embeddable":true,"href":"https:\/\/archive.sana.sy\/es\/index.php?rest_route=\/wp\/v2\/media\/308167"}],"wp:attachment":[{"href":"https:\/\/archive.sana.sy\/es\/index.php?rest_route=%2Fwp%2Fv2%2Fmedia&parent=308166"}],"wp:term":[{"taxonomy":"category","embeddable":true,"href":"https:\/\/archive.sana.sy\/es\/index.php?rest_route=%2Fwp%2Fv2%2Fcategories&post=308166"},{"taxonomy":"post_tag","embeddable":true,"href":"https:\/\/archive.sana.sy\/es\/index.php?rest_route=%2Fwp%2Fv2%2Ftags&post=308166"}],"curies":[{"name":"wp","href":"https:\/\/api.w.org\/{rel}","templated":true}]}}